{"id":5706,"date":"2025-01-25T10:55:38","date_gmt":"2025-01-25T16:55:38","guid":{"rendered":"https:\/\/antiguaesportiva.com\/revista\/?p=5706"},"modified":"2025-01-25T10:55:39","modified_gmt":"2025-01-25T16:55:39","slug":"navas-fue-presentado-con-nuls","status":"publish","type":"post","link":"https:\/\/antiguaesportiva.com\/revista\/2025\/01\/25\/navas-fue-presentado-con-nuls\/","title":{"rendered":"\u00a1Navas fue presentado con &#8216;\u00d1uls&#8217;!"},"content":{"rendered":"\n<p>Keylor Navas se presenta como nuevo jugador de Newell&#8217;s Old Boys.<\/p>\n\n\n\n<p>En un evento que gener\u00f3 gran expectativa en Rosario, Keylor Navas, el legendario arquero costarricense, fue presentado oficialmente como nuevo jugador de Newell&#8217;s Old Boys. La llegada del tres veces campe\u00f3n de la Champions League con el Real Madrid y figura indiscutida en la selecci\u00f3n de Costa Rica ha causado un impacto significativo en el f\u00fatbol argentino.<\/p>\n\n\n\n<p>La ceremonia se llev\u00f3 a cabo en el estadio Marcelo Bielsa, donde miles de hinchas &#8216;Leprosos&#8217; se reunieron para darle la bienvenida al experimentado guardameta. Con c\u00e1nticos, banderas y fuegos artificiales, la afici\u00f3n dej\u00f3 claro que espera mucho del costarricense, quien arriba con la misi\u00f3n de aportar jerarqu\u00eda y experiencia al equipo dirigido por Gabriel Heinze.<\/p>\n\n\n\n<figure class=\"wp-block-image size-large is-resized\"><a href=\"https:\/\/www.formacionsecretarial.edu.gt\/\"><img loading=\"lazy\" decoding=\"async\" width=\"723\" height=\"1024\" src=\"https:\/\/antiguaesportiva.com\/revista\/wp-content\/uploads\/2024\/12\/image-723x1024.png\" alt=\"\" class=\"wp-image-4403\" style=\"width:285px;height:auto\" srcset=\"https:\/\/antiguaesportiva.com\/revista\/wp-content\/uploads\/2024\/12\/image-723x1024.png 723w, https:\/\/antiguaesportiva.com\/revista\/wp-content\/uploads\/2024\/12\/image-212x300.png 212w, https:\/\/antiguaesportiva.com\/revista\/wp-content\/uploads\/2024\/12\/image-554x784.png 554w, https:\/\/antiguaesportiva.com\/revista\/wp-content\/uploads\/2024\/12\/image.png 750w\" sizes=\"auto, (max-width: 723px) 100vw, 723px\" \/><\/a><\/figure>\n\n\n\n<h2 class=\"wp-block-heading\">Reacciones<\/h2>\n\n\n\n<p>En sus primeras declaraciones como jugador de Newell&#8217;s, Navas expres\u00f3 su entusiasmo por este nuevo desaf\u00edo:<br><em>&#8220;Es un orgullo formar parte de un club tan hist\u00f3rico y con tanta pasi\u00f3n como Newell&#8217;s. Estoy aqu\u00ed para dar lo mejor de m\u00ed y ayudar al equipo a lograr grandes cosas&#8221;<\/em>, coment\u00f3 el arquero, quien vestir\u00e1 la camiseta n\u00famero 1.<\/p>\n\n\n\n<p>El fichaje de Navas representa uno de los movimientos m\u00e1s destacados del mercado de pases sudamericano, y se espera que su incorporaci\u00f3n no solo eleve el nivel del equipo, sino que tambi\u00e9n atraiga miradas internacionales hacia el f\u00fatbol argentino.<\/p>\n\n\n\n<p>El debut del costarricense podr\u00eda darse en el pr\u00f3ximo partido de la &#8216;Lepra&#8217; en el torneo local, donde los hinchas ya sue\u00f1an con verlo defender el arco rojinegro. Sin duda, la llegada de Keylor Navas marca un antes y un despu\u00e9s en la historia reciente del club rosarino.<\/p>\n","protected":false},"excerpt":{"rendered":"<p>Keylor Navas se presenta como nuevo jugador de Newell&#8217;s Old Boys. En un evento que gener\u00f3 gran expectativa en Rosario, Keylor Navas, el legendario arquero costarricense, fue presentado oficialmente como nuevo jugador de Newell&#8217;s Old Boys. La llegada del tres veces campe\u00f3n de la Champions League con el Real Madrid y figura indiscutida en la [&hellip;]<\/p>\n","protected":false},"author":5,"featured_media":5707,"comment_status":"closed","ping_status":"closed","sticky":false,"template":"","format":"standard","meta":{"footnotes":""},"categories":[36],"tags":[47,260,48,49,304,342],"class_list":["post-5706","post","type-post","status-publish","format-standard","has-post-thumbnail","hentry","category-futbol-internacional","tag-antigua-esportiva","tag-costa-rica","tag-kenny-rodas","tag-kenny-sports","tag-keylor-navas","tag-newells-old-boys"],"_links":{"self":[{"href":"https:\/\/antiguaesportiva.com\/revista\/wp-json\/wp\/v2\/posts\/5706","targetHints":{"allow":["GET"]}}],"collection":[{"href":"https:\/\/antiguaesportiva.com\/revista\/wp-json\/wp\/v2\/posts"}],"about":[{"href":"https:\/\/antiguaesportiva.com\/revista\/wp-json\/wp\/v2\/types\/post"}],"author":[{"embeddable":true,"href":"https:\/\/antiguaesportiva.com\/revista\/wp-json\/wp\/v2\/users\/5"}],"replies":[{"embeddable":true,"href":"https:\/\/antiguaesportiva.com\/revista\/wp-json\/wp\/v2\/comments?post=5706"}],"version-history":[{"count":1,"href":"https:\/\/antiguaesportiva.com\/revista\/wp-json\/wp\/v2\/posts\/5706\/revisions"}],"predecessor-version":[{"id":5708,"href":"https:\/\/antiguaesportiva.com\/revista\/wp-json\/wp\/v2\/posts\/5706\/revisions\/5708"}],"wp:featuredmedia":[{"embeddable":true,"href":"https:\/\/antiguaesportiva.com\/revista\/wp-json\/wp\/v2\/media\/5707"}],"wp:attachment":[{"href":"https:\/\/antiguaesportiva.com\/revista\/wp-json\/wp\/v2\/media?parent=5706"}],"wp:term":[{"taxonomy":"category","embeddable":true,"href":"https:\/\/antiguaesportiva.com\/revista\/wp-json\/wp\/v2\/categories?post=5706"},{"taxonomy":"post_tag","embeddable":true,"href":"https:\/\/antiguaesportiva.com\/revista\/wp-json\/wp\/v2\/tags?post=5706"}],"curies":[{"name":"wp","href":"https:\/\/api.w.org\/{rel}","templated":true}]}}