{"id":5448,"date":"2025-01-16T08:07:59","date_gmt":"2025-01-16T14:07:59","guid":{"rendered":"https:\/\/antiguaesportiva.com\/revista\/?p=5448"},"modified":"2025-01-16T08:08:00","modified_gmt":"2025-01-16T14:08:00","slug":"keylor-navas-finalmente-tiene-nuevo-equipo","status":"publish","type":"post","link":"https:\/\/antiguaesportiva.com\/revista\/2025\/01\/16\/keylor-navas-finalmente-tiene-nuevo-equipo\/","title":{"rendered":"\u00a1Keylor Navas finalmente tiene nuevo equipo!"},"content":{"rendered":"\n<p>Keylor Navas tiene nuevo destino: Argentina. <\/p>\n\n\n\n<p>Despu\u00e9s de m\u00e1s de siete meses como jugador libre, Keylor Navas, la leyenda del f\u00fatbol costarricense, ha definido su pr\u00f3ximo cap\u00edtulo profesional. A sus 38 a\u00f1os, el arquero que marc\u00f3 una era en el Real Madrid y la selecci\u00f3n de Costa Rica lleg\u00f3 a un acuerdo para continuar su carrera en San Lorenzo de Almagro, uno de los cinco grandes del f\u00fatbol argentino.<\/p>\n\n\n\n<p>Seg\u00fan inform\u00f3 Nacho Genovart, periodista especializado en el d\u00eda a d\u00eda del club conocido como los &#8220;Cuervos de Boedo&#8221;, el contrato de Navas ya fue aprobado por el entrenador Miguel \u00c1ngel Russo. Sin embargo, a\u00fan queda pendiente un detalle econ\u00f3mico: la Comisi\u00f3n Directiva del club est\u00e1 trabajando para recaudar los fondos necesarios, con el apoyo de sponsors y dirigentes.<\/p>\n\n\n\n<figure class=\"wp-block-image size-large is-resized\"><a href=\"https:\/\/www.formacionsecretarial.edu.gt\/\"><img loading=\"lazy\" decoding=\"async\" width=\"723\" height=\"1024\" src=\"https:\/\/antiguaesportiva.com\/revista\/wp-content\/uploads\/2024\/12\/image-723x1024.png\" alt=\"\" class=\"wp-image-4403\" style=\"width:305px;height:auto\" srcset=\"https:\/\/antiguaesportiva.com\/revista\/wp-content\/uploads\/2024\/12\/image-723x1024.png 723w, https:\/\/antiguaesportiva.com\/revista\/wp-content\/uploads\/2024\/12\/image-212x300.png 212w, https:\/\/antiguaesportiva.com\/revista\/wp-content\/uploads\/2024\/12\/image-554x784.png 554w, https:\/\/antiguaesportiva.com\/revista\/wp-content\/uploads\/2024\/12\/image.png 750w\" sizes=\"auto, (max-width: 723px) 100vw, 723px\" \/><\/a><\/figure>\n\n\n\n<p>\u201cConf\u00edan en que el dinero llegar\u00e1 en las pr\u00f3ximas horas y en que lo recuperar\u00e1n con el golpe de efecto que significa la llegada de un jugador de la talla de Keylor Navas\u201d, asegur\u00f3 Genovart. No es para menos, considerando que Navas fue pieza clave en la conquista de tres Champions League con el Real Madrid, lo que lo posiciona como uno de los mejores arqueros de su generaci\u00f3n.<\/p>\n\n\n\n<h2 class=\"wp-block-heading\">De regreso al campo<\/h2>\n\n\n\n<p>El \u00faltimo partido oficial de Keylor Navas fue el 19 de mayo de 2024 con la camiseta del PSG, enfrentando al Metz. Tras la finalizaci\u00f3n de su contrato con el club parisino en junio de 2024 y su retiro de la selecci\u00f3n costarricense en marzo del mismo a\u00f1o, el portero ha estado inactivo.<\/p>\n\n\n\n<p>Este fichaje no solo promete reforzar la porter\u00eda de San Lorenzo, sino tambi\u00e9n convertirse en un hito para el f\u00fatbol argentino, que contar\u00e1 con una figura de renombre internacional. La hinchada azulgrana ya comienza a ilusionarse con ver a Navas defendiendo el arco en el Estadio Pedro Bidegain.<\/p>\n\n\n\n<p>Ahora, la pelota est\u00e1 en el campo econ\u00f3mico, pero todo indica que Keylor Navas est\u00e1 listo para ponerse los guantes y escribir un nuevo cap\u00edtulo en su brillante carrera.<\/p>\n","protected":false},"excerpt":{"rendered":"<p>Keylor Navas tiene nuevo destino: Argentina. Despu\u00e9s de m\u00e1s de siete meses como jugador libre, Keylor Navas, la leyenda del f\u00fatbol costarricense, ha definido su pr\u00f3ximo cap\u00edtulo profesional. A sus 38 a\u00f1os, el arquero que marc\u00f3 una era en el Real Madrid y la selecci\u00f3n de Costa Rica lleg\u00f3 a un acuerdo para continuar su [&hellip;]<\/p>\n","protected":false},"author":5,"featured_media":5449,"comment_status":"closed","ping_status":"closed","sticky":false,"template":"","format":"standard","meta":{"footnotes":""},"categories":[36],"tags":[47,48,49,304,305],"class_list":["post-5448","post","type-post","status-publish","format-standard","has-post-thumbnail","hentry","category-futbol-internacional","tag-antigua-esportiva","tag-kenny-rodas","tag-kenny-sports","tag-keylor-navas","tag-san-lorenzo-de-almagro"],"_links":{"self":[{"href":"https:\/\/antiguaesportiva.com\/revista\/wp-json\/wp\/v2\/posts\/5448","targetHints":{"allow":["GET"]}}],"collection":[{"href":"https:\/\/antiguaesportiva.com\/revista\/wp-json\/wp\/v2\/posts"}],"about":[{"href":"https:\/\/antiguaesportiva.com\/revista\/wp-json\/wp\/v2\/types\/post"}],"author":[{"embeddable":true,"href":"https:\/\/antiguaesportiva.com\/revista\/wp-json\/wp\/v2\/users\/5"}],"replies":[{"embeddable":true,"href":"https:\/\/antiguaesportiva.com\/revista\/wp-json\/wp\/v2\/comments?post=5448"}],"version-history":[{"count":1,"href":"https:\/\/antiguaesportiva.com\/revista\/wp-json\/wp\/v2\/posts\/5448\/revisions"}],"predecessor-version":[{"id":5450,"href":"https:\/\/antiguaesportiva.com\/revista\/wp-json\/wp\/v2\/posts\/5448\/revisions\/5450"}],"wp:featuredmedia":[{"embeddable":true,"href":"https:\/\/antiguaesportiva.com\/revista\/wp-json\/wp\/v2\/media\/5449"}],"wp:attachment":[{"href":"https:\/\/antiguaesportiva.com\/revista\/wp-json\/wp\/v2\/media?parent=5448"}],"wp:term":[{"taxonomy":"category","embeddable":true,"href":"https:\/\/antiguaesportiva.com\/revista\/wp-json\/wp\/v2\/categories?post=5448"},{"taxonomy":"post_tag","embeddable":true,"href":"https:\/\/antiguaesportiva.com\/revista\/wp-json\/wp\/v2\/tags?post=5448"}],"curies":[{"name":"wp","href":"https:\/\/api.w.org\/{rel}","templated":true}]}}