{"id":5349,"date":"2025-01-11T11:33:03","date_gmt":"2025-01-11T17:33:03","guid":{"rendered":"https:\/\/antiguaesportiva.com\/revista\/?p=5349"},"modified":"2025-01-11T11:33:05","modified_gmt":"2025-01-11T17:33:05","slug":"dani-olmo-y-pau-victor-finalmente-inscritos-en-laliga","status":"publish","type":"post","link":"https:\/\/antiguaesportiva.com\/revista\/2025\/01\/11\/dani-olmo-y-pau-victor-finalmente-inscritos-en-laliga\/","title":{"rendered":"\u00a1Dani Olmo y Pau V\u00edctor finalmente inscritos en LaLiga!"},"content":{"rendered":"\n<p>Dani Olmo y Pau V\u00edctor, reinscritos en el FC Barcelona tras la decisi\u00f3n del CSD.<\/p>\n\n\n\n<p>Los futbolistas del FC Barcelona, Dani Olmo y Pau V\u00edctor, vuelven a formar parte de la lista oficial de jugadores del club en la web de LaLiga. La entidad dirigida por Javier Tebas se vio obligada a dar marcha atr\u00e1s en su negativa inicial para permitir su inscripci\u00f3n en la segunda vuelta del campeonato, tras la resoluci\u00f3n favorable del Consejo Superior de Deportes (CSD) a la solicitud del Bar\u00e7a.<\/p>\n\n\n\n<p>Ambos jugadores fueron reincorporados oficialmente este jueves a las 19:45 horas, recuperando sus dorsales habituales: el 20 para Dani Olmo y el 18 para Pau V\u00edctor. Sin embargo, su proceso no estuvo exento de pol\u00e9mica. A inicios de a\u00f1o, LaLiga los hab\u00eda eliminado de la lista de inscritos y no los incluy\u00f3 inmediatamente tras conocerse la decisi\u00f3n cautelar del CSD. Incluso minutos despu\u00e9s de la resoluci\u00f3n, LaLiga emiti\u00f3 un comunicado expresando su desaprobaci\u00f3n.<\/p>\n\n\n\n<figure class=\"wp-block-image size-large is-resized\"><a href=\"https:\/\/www.formacionsecretarial.edu.gt\/\"><img loading=\"lazy\" decoding=\"async\" width=\"723\" height=\"1024\" src=\"https:\/\/antiguaesportiva.com\/revista\/wp-content\/uploads\/2024\/12\/image-723x1024.png\" alt=\"\" class=\"wp-image-4403\" style=\"width:314px;height:auto\" srcset=\"https:\/\/antiguaesportiva.com\/revista\/wp-content\/uploads\/2024\/12\/image-723x1024.png 723w, https:\/\/antiguaesportiva.com\/revista\/wp-content\/uploads\/2024\/12\/image-212x300.png 212w, https:\/\/antiguaesportiva.com\/revista\/wp-content\/uploads\/2024\/12\/image-554x784.png 554w, https:\/\/antiguaesportiva.com\/revista\/wp-content\/uploads\/2024\/12\/image.png 750w\" sizes=\"auto, (max-width: 723px) 100vw, 723px\" \/><\/a><\/figure>\n\n\n\n<h3 class=\"wp-block-heading\">Sin participaci\u00f3n en la Supercopa por precauci\u00f3n<\/h3>\n\n\n\n<p>La decisi\u00f3n del CSD lleg\u00f3 antes del partido de semifinales de la Supercopa de Espa\u00f1a frente al Athletic, pero, por motivos de precauci\u00f3n, ni Dani Olmo ni Pau V\u00edctor formaron parte de los inscritos para el encuentro. Adem\u00e1s, Hansi Flick ya hab\u00eda preparado el equipo sin contar con ellos.<\/p>\n\n\n\n<p>No obstante, ambos jugadores estar\u00e1n disponibles para la final de la Supercopa este domingo, donde el FC Barcelona se enfrentar\u00e1 al ganador del duelo entre Real Madrid y Mallorca. Tambi\u00e9n podr\u00e1n participar en los pr\u00f3ximos compromisos del club, como la eliminatoria de octavos de final de la Copa del Rey ante el Betis el 15 de enero en Montju\u00efc, los encuentros de LaLiga frente al Getafe y Valencia, as\u00ed como los enfrentamientos de Champions League contra Benfica y Atalanta.<\/p>\n\n\n\n<h3 class=\"wp-block-heading\">Inscripci\u00f3n asegurada hasta el final de temporada<\/h3>\n\n\n\n<p>Con esta resoluci\u00f3n, el Bar\u00e7a ha logrado ganar tiempo y asegurar la participaci\u00f3n de Olmo y Pau V\u00edctor durante los pr\u00f3ximos tres meses. La justicia deportiva tomar\u00e1 una decisi\u00f3n definitiva al finalizar la temporada. A partir del 1 de julio, el FC Barcelona no enfrentar\u00e1 restricciones relacionadas con el fair play financiero, ya que entrar\u00e1 en vigor la regla del 1:1 que le permitir\u00e1 operar con normalidad en el mercado de fichajes.<\/p>\n\n\n\n<p>La reincorporaci\u00f3n de Dani Olmo y Pau V\u00edctor supone un alivio para el equipo, que podr\u00e1 contar con dos piezas clave en los pr\u00f3ximos desaf\u00edos nacionales e internacionales.<\/p>\n","protected":false},"excerpt":{"rendered":"<p>Dani Olmo y Pau V\u00edctor, reinscritos en el FC Barcelona tras la decisi\u00f3n del CSD. Los futbolistas del FC Barcelona, Dani Olmo y Pau V\u00edctor, vuelven a formar parte de la lista oficial de jugadores del club en la web de LaLiga. La entidad dirigida por Javier Tebas se vio obligada a dar marcha atr\u00e1s [&hellip;]<\/p>\n","protected":false},"author":5,"featured_media":5350,"comment_status":"closed","ping_status":"closed","sticky":false,"template":"","format":"standard","meta":{"footnotes":""},"categories":[36],"tags":[47,258,232,64,48,49,90,91,231],"class_list":["post-5349","post","type-post","status-publish","format-standard","has-post-thumbnail","hentry","category-futbol-internacional","tag-antigua-esportiva","tag-barcelona","tag-dani-olmo","tag-fc-barcelona","tag-kenny-rodas","tag-kenny-sports","tag-la-liga","tag-la-liga-ea-sports","tag-pau-victor"],"_links":{"self":[{"href":"https:\/\/antiguaesportiva.com\/revista\/wp-json\/wp\/v2\/posts\/5349","targetHints":{"allow":["GET"]}}],"collection":[{"href":"https:\/\/antiguaesportiva.com\/revista\/wp-json\/wp\/v2\/posts"}],"about":[{"href":"https:\/\/antiguaesportiva.com\/revista\/wp-json\/wp\/v2\/types\/post"}],"author":[{"embeddable":true,"href":"https:\/\/antiguaesportiva.com\/revista\/wp-json\/wp\/v2\/users\/5"}],"replies":[{"embeddable":true,"href":"https:\/\/antiguaesportiva.com\/revista\/wp-json\/wp\/v2\/comments?post=5349"}],"version-history":[{"count":1,"href":"https:\/\/antiguaesportiva.com\/revista\/wp-json\/wp\/v2\/posts\/5349\/revisions"}],"predecessor-version":[{"id":5351,"href":"https:\/\/antiguaesportiva.com\/revista\/wp-json\/wp\/v2\/posts\/5349\/revisions\/5351"}],"wp:featuredmedia":[{"embeddable":true,"href":"https:\/\/antiguaesportiva.com\/revista\/wp-json\/wp\/v2\/media\/5350"}],"wp:attachment":[{"href":"https:\/\/antiguaesportiva.com\/revista\/wp-json\/wp\/v2\/media?parent=5349"}],"wp:term":[{"taxonomy":"category","embeddable":true,"href":"https:\/\/antiguaesportiva.com\/revista\/wp-json\/wp\/v2\/categories?post=5349"},{"taxonomy":"post_tag","embeddable":true,"href":"https:\/\/antiguaesportiva.com\/revista\/wp-json\/wp\/v2\/tags?post=5349"}],"curies":[{"name":"wp","href":"https:\/\/api.w.org\/{rel}","templated":true}]}}