{"id":5277,"date":"2025-01-10T16:36:09","date_gmt":"2025-01-10T22:36:09","guid":{"rendered":"https:\/\/antiguaesportiva.com\/revista\/?p=5277"},"modified":"2025-01-10T16:36:10","modified_gmt":"2025-01-10T22:36:10","slug":"piojo-herrera-fue-presentado-oficialmente-como-nuevo-tecnico-de-costa-rica","status":"publish","type":"post","link":"https:\/\/antiguaesportiva.com\/revista\/2025\/01\/10\/piojo-herrera-fue-presentado-oficialmente-como-nuevo-tecnico-de-costa-rica\/","title":{"rendered":"&#8216;Piojo&#8217; Herrera fue presentado oficialmente como nuevo t\u00e9cnico de Costa Rica"},"content":{"rendered":"\n<p>El t\u00e9cnico mexicano fue presentado al frente de la selecci\u00f3n &#8216;Tica&#8217; y dijo que buscar\u00e1 regresarla al protagonismo.<\/p>\n\n\n\n<p>Miguel Herrera, conocido como &#8216;El Piojo&#8217;, fue presentado este viernes como director t\u00e9cnico de la selecci\u00f3n de Costa Rica en un evento celebrado en el Teatro Melico Salazar de San Jos\u00e9. Con un discurso lleno de compromiso y ambici\u00f3n, Herrera dej\u00f3 claro que su dedicaci\u00f3n al equipo ser\u00e1 absoluta durante este nuevo proceso.<\/p>\n\n\n\n<p>&#8220;Mi cabeza, mi cuerpo t\u00e9cnico, mi alma y mi coraz\u00f3n estar\u00e1n en Costa Rica. Vivir\u00e9 aqu\u00ed hasta el 31 de julio, por lo pronto, del 2026. Esperemos que sea m\u00e1s&#8221;, declar\u00f3 durante la presentaci\u00f3n, donde estuvo acompa\u00f1ado por Ignacio Hierro, director deportivo de la Federaci\u00f3n Costarricense de F\u00fatbol.<\/p>\n\n\n\n<figure class=\"wp-block-image size-large is-resized\"><a href=\"https:\/\/www.formacionsecretarial.edu.gt\/\"><img loading=\"lazy\" decoding=\"async\" width=\"723\" height=\"1024\" src=\"https:\/\/antiguaesportiva.com\/revista\/wp-content\/uploads\/2024\/12\/image-723x1024.png\" alt=\"\" class=\"wp-image-4403\" style=\"width:303px;height:auto\" srcset=\"https:\/\/antiguaesportiva.com\/revista\/wp-content\/uploads\/2024\/12\/image-723x1024.png 723w, https:\/\/antiguaesportiva.com\/revista\/wp-content\/uploads\/2024\/12\/image-212x300.png 212w, https:\/\/antiguaesportiva.com\/revista\/wp-content\/uploads\/2024\/12\/image-554x784.png 554w, https:\/\/antiguaesportiva.com\/revista\/wp-content\/uploads\/2024\/12\/image.png 750w\" sizes=\"auto, (max-width: 723px) 100vw, 723px\" \/><\/a><\/figure>\n\n\n\n<h2 class=\"wp-block-heading\">Regresar al protagonismo internacional<\/h2>\n\n\n\n<p>Uno de los principales objetivos de Herrera es devolver a Costa Rica al nivel de protagonismo que el equipo ha mostrado en el pasado. &#8220;Queremos que otra vez Costa Rica sea protagonista. No venimos con la esperanza de calificar al Mundial y ya, sino de ser protagonistas de nuevo en una Copa del Mundo&#8221;, se\u00f1al\u00f3 con firmeza.<\/p>\n\n\n\n<p>El estratega mexicano tambi\u00e9n enfatiz\u00f3 que su decisi\u00f3n de aceptar el cargo se bas\u00f3 en su ilusi\u00f3n de regresar a un Mundial con un equipo competitivo. &#8220;No hab\u00eda mucho que pensar. Costa Rica es un protagonista de nuestra \u00e1rea. No lo dud\u00e9 ni un momento. Ten\u00eda muchas ganas. La ilusi\u00f3n que tengo de estar nuevamente en un Mundial y m\u00e1s con un equipo como protagonista&#8221;, expres\u00f3.<\/p>\n\n\n\n<h2 class=\"wp-block-heading\">Compromiso TOTAL con el proyecto costarricense<\/h2>\n\n\n\n<p>Herrera tambi\u00e9n revel\u00f3 que rechaz\u00f3 ofertas de diversos pa\u00edses para tomar este cargo, demostrando su compromiso con el proyecto costarricense. &#8220;Hab\u00eda recibido algunas ofertas de Arabia, de Qatar, de China y de Jap\u00f3n y hoy me interes\u00f3 much\u00edsimo m\u00e1s estar aqu\u00ed. Y mi compromiso es aqu\u00ed&#8221;, afirm\u00f3.<\/p>\n\n\n\n<h2 class=\"wp-block-heading\">Preparativos para el debut<\/h2>\n\n\n\n<p>El t\u00e9cnico confirm\u00f3 que estar\u00e1 al mando del equipo para el pr\u00f3ximo amistoso contra Estados Unidos, programado para el 22 de enero. En esta ocasi\u00f3n, utilizar\u00e1 la lista de futbolistas convocada por Paulo Wanchope como base para su primer partido.<\/p>\n\n\n\n<h2 class=\"wp-block-heading\">Cuerpo t\u00e9cnico definido<\/h2>\n\n\n\n<p>Miguel Herrera present\u00f3 a su cuerpo t\u00e9cnico, aunque dej\u00f3 abierta la posibilidad de sumar m\u00e1s integrantes en el futuro. Jos\u00e9 Rangel ser\u00e1 el preparador f\u00edsico, mientras que \u00c1lvaro Galindo, \u00d3scar Escobar y Paulo Wanchope ser\u00e1n sus auxiliares t\u00e9cnicos. Ricardo Gonz\u00e1lez ocupar\u00e1 el rol de preparador de porteros.<\/p>\n\n\n\n<p>Con un discurso cargado de ilusi\u00f3n y objetivos claros, Miguel Herrera inicia esta nueva etapa al frente de Costa Rica, buscando llevar al equipo de vuelta a los primeros planos del f\u00fatbol internacional.<\/p>\n","protected":false},"excerpt":{"rendered":"<p>El t\u00e9cnico mexicano fue presentado al frente de la selecci\u00f3n &#8216;Tica&#8217; y dijo que buscar\u00e1 regresarla al protagonismo. Miguel Herrera, conocido como &#8216;El Piojo&#8217;, fue presentado este viernes como director t\u00e9cnico de la selecci\u00f3n de Costa Rica en un evento celebrado en el Teatro Melico Salazar de San Jos\u00e9. Con un discurso lleno de compromiso [&hellip;]<\/p>\n","protected":false},"author":5,"featured_media":5278,"comment_status":"closed","ping_status":"closed","sticky":false,"template":"","format":"standard","meta":{"footnotes":""},"categories":[36],"tags":[47,260,48,49,263,262,261],"class_list":["post-5277","post","type-post","status-publish","format-standard","has-post-thumbnail","hentry","category-futbol-internacional","tag-antigua-esportiva","tag-costa-rica","tag-kenny-rodas","tag-kenny-sports","tag-miguel-herrera","tag-seleccion-de-costa-rica","tag-seleccion-nacional-de-costa-rica"],"_links":{"self":[{"href":"https:\/\/antiguaesportiva.com\/revista\/wp-json\/wp\/v2\/posts\/5277","targetHints":{"allow":["GET"]}}],"collection":[{"href":"https:\/\/antiguaesportiva.com\/revista\/wp-json\/wp\/v2\/posts"}],"about":[{"href":"https:\/\/antiguaesportiva.com\/revista\/wp-json\/wp\/v2\/types\/post"}],"author":[{"embeddable":true,"href":"https:\/\/antiguaesportiva.com\/revista\/wp-json\/wp\/v2\/users\/5"}],"replies":[{"embeddable":true,"href":"https:\/\/antiguaesportiva.com\/revista\/wp-json\/wp\/v2\/comments?post=5277"}],"version-history":[{"count":1,"href":"https:\/\/antiguaesportiva.com\/revista\/wp-json\/wp\/v2\/posts\/5277\/revisions"}],"predecessor-version":[{"id":5279,"href":"https:\/\/antiguaesportiva.com\/revista\/wp-json\/wp\/v2\/posts\/5277\/revisions\/5279"}],"wp:featuredmedia":[{"embeddable":true,"href":"https:\/\/antiguaesportiva.com\/revista\/wp-json\/wp\/v2\/media\/5278"}],"wp:attachment":[{"href":"https:\/\/antiguaesportiva.com\/revista\/wp-json\/wp\/v2\/media?parent=5277"}],"wp:term":[{"taxonomy":"category","embeddable":true,"href":"https:\/\/antiguaesportiva.com\/revista\/wp-json\/wp\/v2\/categories?post=5277"},{"taxonomy":"post_tag","embeddable":true,"href":"https:\/\/antiguaesportiva.com\/revista\/wp-json\/wp\/v2\/tags?post=5277"}],"curies":[{"name":"wp","href":"https:\/\/api.w.org\/{rel}","templated":true}]}}