{"id":5257,"date":"2025-01-09T11:02:38","date_gmt":"2025-01-09T17:02:38","guid":{"rendered":"https:\/\/antiguaesportiva.com\/revista\/?p=5257"},"modified":"2025-01-09T11:02:39","modified_gmt":"2025-01-09T17:02:39","slug":"el-barcelona-ve-un-probable-clasico-en-el-horizonte-y-entrena-de-lleno-con-dani-olmo","status":"publish","type":"post","link":"https:\/\/antiguaesportiva.com\/revista\/2025\/01\/09\/el-barcelona-ve-un-probable-clasico-en-el-horizonte-y-entrena-de-lleno-con-dani-olmo\/","title":{"rendered":"El Barcelona ve un probable Cl\u00e1sico en el horizonte, y entrena de lleno con Dani Olmo"},"content":{"rendered":"\n<p>El posible cruce ante el Real Madrid ser\u00eda la gran atracci\u00f3n para el evento en Yeda en una edici\u00f3n envuelta en pol\u00e9mica por el caso de las inscripciones y la sanci\u00f3n a Vin\u00edcius.<\/p>\n\n\n\n<p>El Bar\u00e7a respira tras vencer al Athletic y se prepara para la gran final. La victoria del FC Barcelona ante el Athletic Club en las semifinales de la Supercopa de Espa\u00f1a, disputada en Yeda, fue un aut\u00e9ntico alivio para el club azulgrana. Tras una semana marcada por las complicaciones en las inscripciones de Olmo y Pau V\u00edctor, el equipo logr\u00f3 un importante refuerzo an\u00edmico que insufl\u00f3 aire fresco a una plantilla necesitada de buenas noticias.<\/p>\n\n\n\n<p>En medio de la incertidumbre, la resoluci\u00f3n del Consejo Superior de Deportes (CSD) de conceder la cautelar para inscribir a ambos jugadores lleg\u00f3 justo a tiempo, permitiendo al Bar\u00e7a afrontar el partido con un impulso adicional. Bajo el mando de Hansi Flick, los cul\u00e9s consiguieron el pase a la final en una noche que desat\u00f3 la euforia en la expedici\u00f3n azulgrana, liderada por el presidente Joan Laporta.<\/p>\n\n\n\n<figure class=\"wp-block-image size-large is-resized\"><a href=\"https:\/\/www.formacionsecretarial.edu.gt\/\"><img loading=\"lazy\" decoding=\"async\" width=\"723\" height=\"1024\" src=\"https:\/\/antiguaesportiva.com\/revista\/wp-content\/uploads\/2024\/12\/image-723x1024.png\" alt=\"\" class=\"wp-image-4403\" style=\"width:312px;height:auto\" srcset=\"https:\/\/antiguaesportiva.com\/revista\/wp-content\/uploads\/2024\/12\/image-723x1024.png 723w, https:\/\/antiguaesportiva.com\/revista\/wp-content\/uploads\/2024\/12\/image-212x300.png 212w, https:\/\/antiguaesportiva.com\/revista\/wp-content\/uploads\/2024\/12\/image-554x784.png 554w, https:\/\/antiguaesportiva.com\/revista\/wp-content\/uploads\/2024\/12\/image.png 750w\" sizes=\"auto, (max-width: 723px) 100vw, 723px\" \/><\/a><\/figure>\n\n\n\n<h3 class=\"wp-block-heading\">Recuperaci\u00f3n y trabajo enfocado en la final<\/h3>\n\n\n\n<p>A menos de 24 horas de asegurar su lugar en la gran final del domingo, el Bar\u00e7a realiz\u00f3 una sesi\u00f3n de entrenamiento a puerta cerrada con los suplentes del partido ante el Athletic. El escenario elegido fue un campo anexo al King Abdullah Stadium, muy cerca del lugar donde esta noche se disputar\u00e1 la segunda semifinal entre el Real Madrid y el Mallorca, que determinar\u00e1 al rival azulgrana.<\/p>\n\n\n\n<p>Aunque hubo cierta preocupaci\u00f3n inicial, el estado f\u00edsico de Lamine Yamal, Gavi y Lewandowski no genera alarmas. Los cambios realizados en el encuentro contra el Athletic respondieron a medidas precautorias para evitar sobrecargas f\u00edsicas, especialmente en los canteranos, y para proteger al delantero polaco, quien sufri\u00f3 una leve contusi\u00f3n que no le impedir\u00e1 jugar el domingo. Todos los titulares se quedaron en el hotel realizando trabajos de recuperaci\u00f3n.<\/p>\n\n\n\n<h3 class=\"wp-block-heading\">Expectativas de un cl\u00e1sico en la final<\/h3>\n\n\n\n<p>Mientras el Bar\u00e7a afinaba detalles, el Real Madrid y el Mallorca se preparaban en el hotel para su duelo de esta noche. Aunque oficialmente no se menciona, la expectativa de un cl\u00e1sico entre Bar\u00e7a y Madrid en la final del domingo est\u00e1 en el aire. Un enfrentamiento de este calibre no solo llenar\u00eda los asientos del King Abdullah Stadium, sino que tambi\u00e9n reforzar\u00eda la proyecci\u00f3n internacional de Yeda como sede de grandes eventos deportivos.<\/p>\n\n\n\n<p>Sin embargo, el Mallorca, que ya complic\u00f3 el debut liguero de Mbapp\u00e9 con un empate 1-1 en Son Moix, no se lo pondr\u00e1 f\u00e1cil al equipo de Carlo Ancelotti. Bajo la direcci\u00f3n de Jagoba Arrasate, el conjunto balear promete ser un hueso duro de roer, a pesar de que la atenci\u00f3n medi\u00e1tica en la previa se ha centrado m\u00e1s en la sanci\u00f3n disciplinaria a Vin\u00edcius que en el aspecto futbol\u00edstico.<\/p>\n\n\n\n<p>Con el Bar\u00e7a ya en la final y el Real Madrid buscando su boleto, todo apunta a un cierre de torneo electrizante en Arabia Saud\u00ed, con un posible cl\u00e1sico que tiene a todos en Yeda cruzando los dedos.<\/p>\n","protected":false},"excerpt":{"rendered":"<p>El posible cruce ante el Real Madrid ser\u00eda la gran atracci\u00f3n para el evento en Yeda en una edici\u00f3n envuelta en pol\u00e9mica por el caso de las inscripciones y la sanci\u00f3n a Vin\u00edcius. El Bar\u00e7a respira tras vencer al Athletic y se prepara para la gran final. La victoria del FC Barcelona ante el Athletic [&hellip;]<\/p>\n","protected":false},"author":5,"featured_media":5258,"comment_status":"closed","ping_status":"closed","sticky":false,"template":"","format":"standard","meta":{"footnotes":""},"categories":[36],"tags":[47,258,271,64,48,49,89,58],"class_list":["post-5257","post","type-post","status-publish","format-standard","has-post-thumbnail","hentry","category-futbol-internacional","tag-antigua-esportiva","tag-barcelona","tag-copa-del-rey","tag-fc-barcelona","tag-kenny-rodas","tag-kenny-sports","tag-laliga","tag-real-madrid"],"_links":{"self":[{"href":"https:\/\/antiguaesportiva.com\/revista\/wp-json\/wp\/v2\/posts\/5257","targetHints":{"allow":["GET"]}}],"collection":[{"href":"https:\/\/antiguaesportiva.com\/revista\/wp-json\/wp\/v2\/posts"}],"about":[{"href":"https:\/\/antiguaesportiva.com\/revista\/wp-json\/wp\/v2\/types\/post"}],"author":[{"embeddable":true,"href":"https:\/\/antiguaesportiva.com\/revista\/wp-json\/wp\/v2\/users\/5"}],"replies":[{"embeddable":true,"href":"https:\/\/antiguaesportiva.com\/revista\/wp-json\/wp\/v2\/comments?post=5257"}],"version-history":[{"count":1,"href":"https:\/\/antiguaesportiva.com\/revista\/wp-json\/wp\/v2\/posts\/5257\/revisions"}],"predecessor-version":[{"id":5259,"href":"https:\/\/antiguaesportiva.com\/revista\/wp-json\/wp\/v2\/posts\/5257\/revisions\/5259"}],"wp:featuredmedia":[{"embeddable":true,"href":"https:\/\/antiguaesportiva.com\/revista\/wp-json\/wp\/v2\/media\/5258"}],"wp:attachment":[{"href":"https:\/\/antiguaesportiva.com\/revista\/wp-json\/wp\/v2\/media?parent=5257"}],"wp:term":[{"taxonomy":"category","embeddable":true,"href":"https:\/\/antiguaesportiva.com\/revista\/wp-json\/wp\/v2\/categories?post=5257"},{"taxonomy":"post_tag","embeddable":true,"href":"https:\/\/antiguaesportiva.com\/revista\/wp-json\/wp\/v2\/tags?post=5257"}],"curies":[{"name":"wp","href":"https:\/\/api.w.org\/{rel}","templated":true}]}}