{"id":5239,"date":"2025-01-08T10:40:20","date_gmt":"2025-01-08T16:40:20","guid":{"rendered":"https:\/\/antiguaesportiva.com\/revista\/?p=5239"},"modified":"2025-01-08T10:41:39","modified_gmt":"2025-01-08T16:41:39","slug":"el-piojo-salta-a-costa-rica","status":"publish","type":"post","link":"https:\/\/antiguaesportiva.com\/revista\/2025\/01\/08\/el-piojo-salta-a-costa-rica\/","title":{"rendered":"\u00a1&#8217;El Piojo&#8217; salta a Costa Rica!"},"content":{"rendered":"\n<p>Miguel Herrera fue el elegido para dirigir a la selecci\u00f3n &#8216;Tica&#8217; de cara al Mundial de 2026.<\/p>\n\n\n\n<p>La Federaci\u00f3n Costarricense de F\u00fatbol (Fedef\u00fatbol) ha tomado una decisi\u00f3n sorpresiva y trascendental: Miguel Herrera, conocido como el &#8220;Piojo&#8221;, ser\u00e1 el nuevo entrenador de la Selecci\u00f3n Nacional de Costa Rica, dejando atr\u00e1s las opciones de Ignacio Ambriz y Guillermo Barros Schelotto. Esta noticia marca el regreso del estratega mexicano a los banquillos con el objetivo principal de clasificar al Mundial de 2026.<\/p>\n\n\n\n<figure class=\"wp-block-image size-large is-resized\"><a href=\"https:\/\/www.formacionsecretarial.edu.gt\/\"><img loading=\"lazy\" decoding=\"async\" width=\"723\" height=\"1024\" src=\"https:\/\/antiguaesportiva.com\/revista\/wp-content\/uploads\/2024\/12\/image-723x1024.png\" alt=\"\" class=\"wp-image-4403\" style=\"width:279px;height:auto\" srcset=\"https:\/\/antiguaesportiva.com\/revista\/wp-content\/uploads\/2024\/12\/image-723x1024.png 723w, https:\/\/antiguaesportiva.com\/revista\/wp-content\/uploads\/2024\/12\/image-212x300.png 212w, https:\/\/antiguaesportiva.com\/revista\/wp-content\/uploads\/2024\/12\/image-554x784.png 554w, https:\/\/antiguaesportiva.com\/revista\/wp-content\/uploads\/2024\/12\/image.png 750w\" sizes=\"auto, (max-width: 723px) 100vw, 723px\" \/><\/a><\/figure>\n\n\n\n<h3 class=\"wp-block-heading\">El giro en las negociaciones<\/h3>\n\n\n\n<p>Cuando todo apuntaba a que Ignacio Ambriz ser\u00eda el elegido, las negociaciones dieron un giro inesperado. Seg\u00fan reportes, el t\u00e9cnico mexicano solicit\u00f3 un aumento del 50% de lo previamente acordado a \u00faltima hora, lo que llev\u00f3 a los directivos de Fedef\u00fatbol a descartar su contrataci\u00f3n. A su vez, la opci\u00f3n de Guillermo Barros Schelotto tampoco logr\u00f3 concretarse, dejando el camino libre para que Miguel Herrera asumiera el cargo.<\/p>\n\n\n\n<h3 class=\"wp-block-heading\">Miguel Herrera: Experiencia y compromiso<\/h3>\n\n\n\n<p>Miguel Herrera llega a la Selecci\u00f3n de Costa Rica con un amplio historial como t\u00e9cnico. Entre sus logros m\u00e1s destacados se encuentra su participaci\u00f3n con la Selecci\u00f3n Mexicana en el Mundial de Brasil 2014, donde alcanz\u00f3 los octavos de final. Su estilo en\u00e9rgico y su capacidad de motivaci\u00f3n lo han convertido en uno de los entrenadores m\u00e1s reconocidos de la regi\u00f3n.<\/p>\n\n\n\n<p>El &#8216;Piojo&#8217; dejar\u00e1 su puesto como comentarista en Fox Sports, medio que ya confirm\u00f3 su salida, para enfocarse plenamente en este nuevo desaf\u00edo. Con los &#8216;Ticos&#8217;, buscar\u00e1 revitalizar al equipo y llevarlo a competir al m\u00e1ximo nivel en las eliminatorias mundialistas. <\/p>\n","protected":false},"excerpt":{"rendered":"<p>Miguel Herrera fue el elegido para dirigir a la selecci\u00f3n &#8216;Tica&#8217; de cara al Mundial de 2026. La Federaci\u00f3n Costarricense de F\u00fatbol (Fedef\u00fatbol) ha tomado una decisi\u00f3n sorpresiva y trascendental: Miguel Herrera, conocido como el &#8220;Piojo&#8221;, ser\u00e1 el nuevo entrenador de la Selecci\u00f3n Nacional de Costa Rica, dejando atr\u00e1s las opciones de Ignacio Ambriz y [&hellip;]<\/p>\n","protected":false},"author":5,"featured_media":5240,"comment_status":"closed","ping_status":"closed","sticky":false,"template":"","format":"standard","meta":{"footnotes":""},"categories":[36],"tags":[47,260,48,49,263,262,261],"class_list":["post-5239","post","type-post","status-publish","format-standard","has-post-thumbnail","hentry","category-futbol-internacional","tag-antigua-esportiva","tag-costa-rica","tag-kenny-rodas","tag-kenny-sports","tag-miguel-herrera","tag-seleccion-de-costa-rica","tag-seleccion-nacional-de-costa-rica"],"_links":{"self":[{"href":"https:\/\/antiguaesportiva.com\/revista\/wp-json\/wp\/v2\/posts\/5239","targetHints":{"allow":["GET"]}}],"collection":[{"href":"https:\/\/antiguaesportiva.com\/revista\/wp-json\/wp\/v2\/posts"}],"about":[{"href":"https:\/\/antiguaesportiva.com\/revista\/wp-json\/wp\/v2\/types\/post"}],"author":[{"embeddable":true,"href":"https:\/\/antiguaesportiva.com\/revista\/wp-json\/wp\/v2\/users\/5"}],"replies":[{"embeddable":true,"href":"https:\/\/antiguaesportiva.com\/revista\/wp-json\/wp\/v2\/comments?post=5239"}],"version-history":[{"count":1,"href":"https:\/\/antiguaesportiva.com\/revista\/wp-json\/wp\/v2\/posts\/5239\/revisions"}],"predecessor-version":[{"id":5241,"href":"https:\/\/antiguaesportiva.com\/revista\/wp-json\/wp\/v2\/posts\/5239\/revisions\/5241"}],"wp:featuredmedia":[{"embeddable":true,"href":"https:\/\/antiguaesportiva.com\/revista\/wp-json\/wp\/v2\/media\/5240"}],"wp:attachment":[{"href":"https:\/\/antiguaesportiva.com\/revista\/wp-json\/wp\/v2\/media?parent=5239"}],"wp:term":[{"taxonomy":"category","embeddable":true,"href":"https:\/\/antiguaesportiva.com\/revista\/wp-json\/wp\/v2\/categories?post=5239"},{"taxonomy":"post_tag","embeddable":true,"href":"https:\/\/antiguaesportiva.com\/revista\/wp-json\/wp\/v2\/tags?post=5239"}],"curies":[{"name":"wp","href":"https:\/\/api.w.org\/{rel}","templated":true}]}}