{"id":5231,"date":"2025-01-07T11:03:37","date_gmt":"2025-01-07T17:03:37","guid":{"rendered":"https:\/\/antiguaesportiva.com\/revista\/?p=5231"},"modified":"2025-01-07T11:03:37","modified_gmt":"2025-01-07T17:03:37","slug":"raphinha-si-yo-estuviera-en-otro-club-quizas-me-pensaria-si-lo-mejor-es-estar-en-el-barca","status":"publish","type":"post","link":"https:\/\/antiguaesportiva.com\/revista\/2025\/01\/07\/raphinha-si-yo-estuviera-en-otro-club-quizas-me-pensaria-si-lo-mejor-es-estar-en-el-barca\/","title":{"rendered":"Raphinha: &#8220;Si yo estuviera en otro club, quiz\u00e1s me pensar\u00eda si lo mejor es estar en el Bar\u00e7a&#8221;."},"content":{"rendered":"\n<p>El cuarto capit\u00e1n del conjunto azulgrana atiende a los medios en la previa de la semifinal de la Supercopa de Espa\u00f1a frente al Athletic.<\/p>\n\n\n\n<p>El 2024 de Raphinha ha sido, sin lugar a dudas, un a\u00f1o de crecimiento y consolidaci\u00f3n. El extremo brasile\u00f1o, que suma 17 goles y 10 asistencias en 25 partidos esta temporada, se ha convertido en una pieza clave para el FC Barcelona. Con un inicio espectacular, ha llevado al equipo a competir al m\u00e1s alto nivel.<\/p>\n\n\n\n<p>En la previa de la semifinal de la Supercopa de Espa\u00f1a, que se disputar\u00e1 en el King Abdullah Sports City, Raphinha habl\u00f3 ante los medios sobre la actualidad del equipo y los retos que enfrentan, tanto dentro como fuera del campo.<\/p>\n\n\n\n<figure class=\"wp-block-image size-large is-resized\"><a href=\"https:\/\/www.formacionsecretarial.edu.gt\/index.php\"><img loading=\"lazy\" decoding=\"async\" width=\"723\" height=\"1024\" src=\"https:\/\/antiguaesportiva.com\/revista\/wp-content\/uploads\/2024\/12\/image-723x1024.png\" alt=\"\" class=\"wp-image-4403\" style=\"width:267px;height:auto\" srcset=\"https:\/\/antiguaesportiva.com\/revista\/wp-content\/uploads\/2024\/12\/image-723x1024.png 723w, https:\/\/antiguaesportiva.com\/revista\/wp-content\/uploads\/2024\/12\/image-212x300.png 212w, https:\/\/antiguaesportiva.com\/revista\/wp-content\/uploads\/2024\/12\/image-554x784.png 554w, https:\/\/antiguaesportiva.com\/revista\/wp-content\/uploads\/2024\/12\/image.png 750w\" sizes=\"auto, (max-width: 723px) 100vw, 723px\" \/><\/a><\/figure>\n\n\n\n<h3 class=\"wp-block-heading\"><strong>El primer t\u00edtulo del a\u00f1o<\/strong><\/h3>\n\n\n\n<p>El brasile\u00f1o destac\u00f3 la importancia del partido ante el Athletic Club, subrayando que ganar un t\u00edtulo tan temprano podr\u00eda ser clave para la confianza del equipo:<br><em>&#8220;Un t\u00edtulo le da confianza a cualquier equipo. Nosotros tenemos que estar listos para pelear por todo. Tenemos la oportunidad para ganar el primer t\u00edtulo del a\u00f1o. Nos dar\u00e1 mucha confianza\u201d<\/em>.<\/p>\n\n\n\n<h3 class=\"wp-block-heading\"><strong>La dif\u00edcil situaci\u00f3n de Dani Olmo y Pau V\u00edctor<\/strong><\/h3>\n\n\n\n<p>Uno de los temas m\u00e1s sensibles que abord\u00f3 fue la complicada situaci\u00f3n legal de Dani Olmo y Pau V\u00edctor, quienes no han podido ser inscritos:<br><em>&#8220;Es una situaci\u00f3n bastante complicada. Nunca queremos pasar estos momentos. Son dif\u00edciles para nosotros y para ellos, que no saben si jugar\u00e1n o no. Estamos intentando que no sea tan dif\u00edcil para ellos. Esperemos que los responsables puedan resolver esto lo m\u00e1s r\u00e1pido posible para que vuelvan a jugar con nosotros\u201d<\/em>.<\/p>\n\n\n\n<p>Raphinha no esquiv\u00f3 las preguntas sobre c\u00f3mo esta situaci\u00f3n podr\u00eda afectar a futuros fichajes:<br><em>&#8220;S\u00ed, no te puedo decir que no. Estar\u00eda mintiendo y a m\u00ed no me gusta mentir. Si yo estuviera en otro club y estuviera viviendo la situaci\u00f3n de Pau y Dani, quiz\u00e1s pensar\u00eda si lo mejor ser\u00eda estar aqu\u00ed\u201d<\/em>, confes\u00f3 con sinceridad.<\/p>\n\n\n\n<h3 class=\"wp-block-heading\"><strong>Confianza en el club<\/strong><\/h3>\n\n\n\n<p>A pesar de los desaf\u00edos, el brasile\u00f1o mostr\u00f3 confianza en que el equipo directivo resolver\u00e1 el problema:<br><em>&#8220;Tenemos que confiar en que esto se resuelva r\u00e1pido. Intentamos estar concentrados para hacer nuestro trabajo. Espero que las personas que tengan que resolver esto nos den buenas noticias pronto\u201d<\/em>.<\/p>\n\n\n\n<h3 class=\"wp-block-heading\"><strong>Preparaci\u00f3n f\u00edsica y mental<\/strong><\/h3>\n\n\n\n<p>Sobre su estado f\u00edsico, Raphinha afirm\u00f3 estar listo para seguir aportando:<br><em>&#8220;Estoy mucho mejor, tengo alguna molestia, pero qu\u00e9 jugador de f\u00fatbol no tiene molestias. Ya me encuentro bien y espero poder ayudar al equipo en el pr\u00f3ximo partido\u201d<\/em>.<\/p>\n\n\n\n<p>En cuanto al rendimiento reciente del equipo, reconoci\u00f3 que hubo un baj\u00f3n de nivel al final de 2023, pero conf\u00eda en retomar la din\u00e1mica positiva:<br><em>&#8220;Es complicado decir un porqu\u00e9. En el f\u00fatbol nunca se est\u00e1 al 100% durante toda la temporada. Hemos vuelto a hacer buenos partidos y queremos seguir en esa din\u00e1mica\u201d<\/em>.<\/p>\n\n\n\n<h3 class=\"wp-block-heading\"><strong>Mirando hacia adelante<\/strong><\/h3>\n\n\n\n<p>Con la semifinal de la Supercopa como el pr\u00f3ximo gran desaf\u00edo, Raphinha y el Barcelona saben que est\u00e1n en una etapa crucial para marcar el ritmo del resto de la temporada. Su compromiso dentro y fuera del campo reafirma su papel como l\u00edder en este nuevo cap\u00edtulo del equipo azulgrana.<\/p>\n","protected":false},"excerpt":{"rendered":"<p>El cuarto capit\u00e1n del conjunto azulgrana atiende a los medios en la previa de la semifinal de la Supercopa de Espa\u00f1a frente al Athletic. El 2024 de Raphinha ha sido, sin lugar a dudas, un a\u00f1o de crecimiento y consolidaci\u00f3n. El extremo brasile\u00f1o, que suma 17 goles y 10 asistencias en 25 partidos esta temporada, [&hellip;]<\/p>\n","protected":false},"author":5,"featured_media":5232,"comment_status":"closed","ping_status":"closed","sticky":false,"template":"","format":"standard","meta":{"footnotes":""},"categories":[36],"tags":[47,258,64,48,49,93],"class_list":["post-5231","post","type-post","status-publish","format-standard","has-post-thumbnail","hentry","category-futbol-internacional","tag-antigua-esportiva","tag-barcelona","tag-fc-barcelona","tag-kenny-rodas","tag-kenny-sports","tag-raphinha"],"_links":{"self":[{"href":"https:\/\/antiguaesportiva.com\/revista\/wp-json\/wp\/v2\/posts\/5231","targetHints":{"allow":["GET"]}}],"collection":[{"href":"https:\/\/antiguaesportiva.com\/revista\/wp-json\/wp\/v2\/posts"}],"about":[{"href":"https:\/\/antiguaesportiva.com\/revista\/wp-json\/wp\/v2\/types\/post"}],"author":[{"embeddable":true,"href":"https:\/\/antiguaesportiva.com\/revista\/wp-json\/wp\/v2\/users\/5"}],"replies":[{"embeddable":true,"href":"https:\/\/antiguaesportiva.com\/revista\/wp-json\/wp\/v2\/comments?post=5231"}],"version-history":[{"count":1,"href":"https:\/\/antiguaesportiva.com\/revista\/wp-json\/wp\/v2\/posts\/5231\/revisions"}],"predecessor-version":[{"id":5233,"href":"https:\/\/antiguaesportiva.com\/revista\/wp-json\/wp\/v2\/posts\/5231\/revisions\/5233"}],"wp:featuredmedia":[{"embeddable":true,"href":"https:\/\/antiguaesportiva.com\/revista\/wp-json\/wp\/v2\/media\/5232"}],"wp:attachment":[{"href":"https:\/\/antiguaesportiva.com\/revista\/wp-json\/wp\/v2\/media?parent=5231"}],"wp:term":[{"taxonomy":"category","embeddable":true,"href":"https:\/\/antiguaesportiva.com\/revista\/wp-json\/wp\/v2\/categories?post=5231"},{"taxonomy":"post_tag","embeddable":true,"href":"https:\/\/antiguaesportiva.com\/revista\/wp-json\/wp\/v2\/tags?post=5231"}],"curies":[{"name":"wp","href":"https:\/\/api.w.org\/{rel}","templated":true}]}}