{"id":5196,"date":"2025-01-03T09:51:04","date_gmt":"2025-01-03T15:51:04","guid":{"rendered":"https:\/\/antiguaesportiva.com\/revista\/?p=5196"},"modified":"2025-01-03T09:51:06","modified_gmt":"2025-01-03T15:51:06","slug":"el-barca-se-planta-y-espera-a-laliga-y-la-rfef-por-olmo-y-pau-victor","status":"publish","type":"post","link":"https:\/\/antiguaesportiva.com\/revista\/2025\/01\/03\/el-barca-se-planta-y-espera-a-laliga-y-la-rfef-por-olmo-y-pau-victor\/","title":{"rendered":"El Bar\u00e7a se planta y espera a LaLiga y la RFEF por Olmo y Pau V\u00edctor"},"content":{"rendered":"\n<p>El club considera que la situaci\u00f3n de ambos jugadores ya est\u00e1 resulta a falta de luz verde de las instituciones competentes.<\/p>\n\n\n\n<p>El FC Barcelona atraviesa momentos de incertidumbre en relaci\u00f3n con la inscripci\u00f3n de Dani Olmo y Pau V\u00edctor, una situaci\u00f3n que, seg\u00fan fuentes del club, consideran resuelta a falta de una confirmaci\u00f3n oficial por parte de LaLiga o la Real Federaci\u00f3n Espa\u00f1ola de F\u00fatbol (RFEF).<\/p>\n\n\n\n<p>Ambos jugadores fueron desinscritos autom\u00e1ticamente por LaLiga el pasado 1 de enero a las 00:00 horas, cuando finaliz\u00f3 su licencia temporal. Sin embargo, desde el club aseguran haber realizado todos los tr\u00e1mites necesarios para garantizar su reincorporaci\u00f3n al registro oficial, bas\u00e1ndose en la confirmaci\u00f3n del acuerdo de venta de los asientos VIP del nuevo Spotify Camp Nou. De acuerdo con las mismas fuentes, el FC Barcelona ha presentado pr\u00e1cticamente toda la documentaci\u00f3n requerida para cumplir con las normativas econ\u00f3micas y administrativas de LaLiga.<\/p>\n\n\n\n<p>A pesar de ello, el club ha decidido no emitir ning\u00fan comunicado oficial hasta que los \u00f3rganos competentes den luz verde al acuerdo. La postura de la entidad es clara: mantener un perfil bajo y esperar pacientemente la resoluci\u00f3n definitiva de LaLiga y la RFEF.<\/p>\n\n\n\n<figure class=\"wp-block-image size-large is-resized\"><a href=\"https:\/\/www.formacionsecretarial.edu.gt\/\"><img loading=\"lazy\" decoding=\"async\" width=\"723\" height=\"1024\" src=\"https:\/\/antiguaesportiva.com\/revista\/wp-content\/uploads\/2024\/12\/image-723x1024.png\" alt=\"\" class=\"wp-image-4403\" style=\"width:270px;height:auto\" srcset=\"https:\/\/antiguaesportiva.com\/revista\/wp-content\/uploads\/2024\/12\/image-723x1024.png 723w, https:\/\/antiguaesportiva.com\/revista\/wp-content\/uploads\/2024\/12\/image-212x300.png 212w, https:\/\/antiguaesportiva.com\/revista\/wp-content\/uploads\/2024\/12\/image-554x784.png 554w, https:\/\/antiguaesportiva.com\/revista\/wp-content\/uploads\/2024\/12\/image.png 750w\" sizes=\"auto, (max-width: 723px) 100vw, 723px\" \/><\/a><\/figure>\n\n\n\n<h2 class=\"wp-block-heading\">Reuni\u00f3n con Flick<\/h2>\n\n\n\n<p>M\u00e1s all\u00e1 de la prensa y el entorno, el presidente Joan Laporta ha buscado transmitir tranquilidad al cuerpo t\u00e9cnico liderado por Hansi Flick. Antes de la rueda de prensa del entrenador alem\u00e1n, ambos sostuvieron una reuni\u00f3n privada de 30 minutos en la que Laporta explic\u00f3 los detalles de la situaci\u00f3n administrativa de Dani Olmo y Pau V\u00edctor.<\/p>\n\n\n\n<p>Aunque Flick no revel\u00f3 el contenido de la conversaci\u00f3n, dej\u00f3 entrever su descontento por el contexto actual durante su intervenci\u00f3n ante los medios. \u201cNo quiero hablar mucho de este tema, porque no es mi trabajo. Mi trabajo es ajustar el equipo para el partido de ma\u00f1ana, para la Copa. Desde antes de Navidad hasta hoy he estado en contacto con el presidente. Conf\u00edo plenamente en el club. Si soy sincero, no estoy contento con la situaci\u00f3n, pero las cosas son como son y somos profesionales\u201d, afirm\u00f3 Flick, evitando entrar en mayores pol\u00e9micas.<\/p>\n\n\n\n<h2 class=\"wp-block-heading\">El desenlace, clave para el club<\/h2>\n\n\n\n<p>El FC Barcelona no contempla otra opci\u00f3n que no sea la inscripci\u00f3n de Dani Olmo y Pau V\u00edctor. En caso de recibir el visto bueno de LaLiga o la RFEF, Laporta planea convocar a los medios de comunicaci\u00f3n para explicar en detalle los pasos dados por la directiva para resolver esta situaci\u00f3n.<\/p>\n\n\n\n<p>Mientras tanto, ambos jugadores contin\u00faan entren\u00e1ndose con normalidad bajo las \u00f3rdenes de Flick, mostrando compromiso y profesionalidad a pesar de la incertidumbre. El club conf\u00eda en que la resoluci\u00f3n llegue en las pr\u00f3ximas horas, conscientes de la importancia de contar con estabilidad en la plantilla para afrontar los pr\u00f3ximos compromisos de Copa y Supercopa.<\/p>\n\n\n\n<p>El desenlace de esta situaci\u00f3n no solo marcar\u00e1 el futuro inmediato de dos jugadores clave, especialmente Dani Olmo, sino tambi\u00e9n la imagen del club ante su afici\u00f3n y el resto del f\u00fatbol espa\u00f1ol. Por ahora, el Barcelona sigue firme en su postura: han cumplido con su parte y esperan la respuesta definitiva de LaLiga y la RFEF.<\/p>\n","protected":false},"excerpt":{"rendered":"<p>El club considera que la situaci\u00f3n de ambos jugadores ya est\u00e1 resulta a falta de luz verde de las instituciones competentes. El FC Barcelona atraviesa momentos de incertidumbre en relaci\u00f3n con la inscripci\u00f3n de Dani Olmo y Pau V\u00edctor, una situaci\u00f3n que, seg\u00fan fuentes del club, consideran resuelta a falta de una confirmaci\u00f3n oficial por [&hellip;]<\/p>\n","protected":false},"author":5,"featured_media":5197,"comment_status":"closed","ping_status":"closed","sticky":false,"template":"","format":"standard","meta":{"footnotes":""},"categories":[40],"tags":[47,232,48,49,90,91,89],"class_list":["post-5196","post","type-post","status-publish","format-standard","has-post-thumbnail","hentry","category-deporte-internacional","tag-antigua-esportiva","tag-dani-olmo","tag-kenny-rodas","tag-kenny-sports","tag-la-liga","tag-la-liga-ea-sports","tag-laliga"],"_links":{"self":[{"href":"https:\/\/antiguaesportiva.com\/revista\/wp-json\/wp\/v2\/posts\/5196","targetHints":{"allow":["GET"]}}],"collection":[{"href":"https:\/\/antiguaesportiva.com\/revista\/wp-json\/wp\/v2\/posts"}],"about":[{"href":"https:\/\/antiguaesportiva.com\/revista\/wp-json\/wp\/v2\/types\/post"}],"author":[{"embeddable":true,"href":"https:\/\/antiguaesportiva.com\/revista\/wp-json\/wp\/v2\/users\/5"}],"replies":[{"embeddable":true,"href":"https:\/\/antiguaesportiva.com\/revista\/wp-json\/wp\/v2\/comments?post=5196"}],"version-history":[{"count":1,"href":"https:\/\/antiguaesportiva.com\/revista\/wp-json\/wp\/v2\/posts\/5196\/revisions"}],"predecessor-version":[{"id":5198,"href":"https:\/\/antiguaesportiva.com\/revista\/wp-json\/wp\/v2\/posts\/5196\/revisions\/5198"}],"wp:featuredmedia":[{"embeddable":true,"href":"https:\/\/antiguaesportiva.com\/revista\/wp-json\/wp\/v2\/media\/5197"}],"wp:attachment":[{"href":"https:\/\/antiguaesportiva.com\/revista\/wp-json\/wp\/v2\/media?parent=5196"}],"wp:term":[{"taxonomy":"category","embeddable":true,"href":"https:\/\/antiguaesportiva.com\/revista\/wp-json\/wp\/v2\/categories?post=5196"},{"taxonomy":"post_tag","embeddable":true,"href":"https:\/\/antiguaesportiva.com\/revista\/wp-json\/wp\/v2\/tags?post=5196"}],"curies":[{"name":"wp","href":"https:\/\/api.w.org\/{rel}","templated":true}]}}