{"id":5148,"date":"2024-12-29T11:39:57","date_gmt":"2024-12-29T17:39:57","guid":{"rendered":"https:\/\/antiguaesportiva.com\/revista\/?p=5148"},"modified":"2024-12-29T11:40:53","modified_gmt":"2024-12-29T17:40:53","slug":"altas-y-bajas-de-antigua-para-el-clausura-2025","status":"publish","type":"post","link":"https:\/\/antiguaesportiva.com\/revista\/2024\/12\/29\/altas-y-bajas-de-antigua-para-el-clausura-2025\/","title":{"rendered":"Altas y bajas de Antigua para el Clausura 2025"},"content":{"rendered":"\n<p class=\"wp-block-paragraph\">Estos son los movimientos que ha realizado el cuadro &#8216;Aguacatero&#8217; de cara al Clausura 2025 de Liga Nacional a la CONCACAF Champions Cup de 2025.<\/p>\n\n\n\n<p class=\"wp-block-paragraph\">Todos los movimientos completados. Antigua GFC no planea m\u00e1s salidas o llegadas de cara a la segunda mitad de la Temporada 2024-25, donde competir\u00e1n en el Clausura 2025 de Liga Nacional y tambi\u00e9n en la CONCACAF Champions Cup. <\/p>\n\n\n\n<p class=\"wp-block-paragraph\">En Antigua Esportiva, te presentamos TODOS los movimientos de Antigua GFC de cara al pr\u00f3ximo semestre. <\/p>\n\n\n\n<figure class=\"wp-block-image size-large is-resized\"><a href=\"https:\/\/www.formacionsecretarial.edu.gt\/\"><img loading=\"lazy\" decoding=\"async\" width=\"723\" height=\"1024\" src=\"https:\/\/antiguaesportiva.com\/revista\/wp-content\/uploads\/2024\/12\/image-723x1024.png\" alt=\"\" class=\"wp-image-4403\" style=\"width:244px;height:auto\" srcset=\"https:\/\/antiguaesportiva.com\/revista\/wp-content\/uploads\/2024\/12\/image-723x1024.png 723w, https:\/\/antiguaesportiva.com\/revista\/wp-content\/uploads\/2024\/12\/image-212x300.png 212w, https:\/\/antiguaesportiva.com\/revista\/wp-content\/uploads\/2024\/12\/image-554x784.png 554w, https:\/\/antiguaesportiva.com\/revista\/wp-content\/uploads\/2024\/12\/image.png 750w\" sizes=\"auto, (max-width: 723px) 100vw, 723px\" \/><\/a><\/figure>\n\n\n\n<h2 class=\"wp-block-heading\">Bajas<\/h2>\n\n\n\n<ul class=\"wp-block-list\">\n<li>Javier L\u00f3pez (DT) &#8211; Sin club<\/li>\n\n\n\n<li>Braulio Linares &#8211; Salida a Municipal<\/li>\n\n\n\n<li>Santiago G\u00f3mez &#8211; Salida a Municipal<\/li>\n\n\n\n<li>Dennis Ram\u00edrez &#8211; Salida a pr\u00e9stamo a Achuapa<\/li>\n\n\n\n<li>Vidal Paz &#8211; Salida a pr\u00e9stamo a Malcateco<\/li>\n\n\n\n<li>Kevin Macare\u00f1o &#8211; Salida a pr\u00e9stamo a Real Estel\u00ed<\/li>\n<\/ul>\n\n\n\n<h2 class=\"wp-block-heading\">Altas<\/h2>\n\n\n\n<ul class=\"wp-block-list\">\n<li>Mauricio Tapia (DT)<\/li>\n\n\n\n<li>Jos\u00e9 Rosales &#8211; Procedente de Municipal<\/li>\n\n\n\n<li>Juan Francisco Apaolaza &#8211; Procedente de Carabobo (Venezuela)<\/li>\n\n\n\n<li>Estuardo Sic\u00e1n &#8211; Procedente de Marquense<\/li>\n\n\n\n<li>Oscar Santis &#8211; Procedente de Dinamo Tbilisi (Georgia)<\/li>\n<\/ul>\n","protected":false},"excerpt":{"rendered":"<p>Estos son los movimientos que ha realizado el cuadro &#8216;Aguacatero&#8217; de cara al Clausura 2025 de Liga Nacional a la CONCACAF Champions Cup de 2025. Todos los movimientos completados. Antigua GFC no planea m\u00e1s salidas o llegadas de cara a la segunda mitad de la Temporada 2024-25, donde competir\u00e1n en el Clausura 2025 de Liga [&hellip;]<\/p>\n","protected":false},"author":5,"featured_media":4979,"comment_status":"closed","ping_status":"closed","sticky":false,"template":"","format":"standard","meta":{"footnotes":""},"categories":[29],"tags":[46,47,45,63,136,138,139,48,49,56,55],"class_list":["post-5148","post","type-post","status-publish","format-standard","has-post-thumbnail","hentry","category-antigua-gfc","tag-antigua","tag-antigua-esportiva","tag-antigua-gfc","tag-champions","tag-champions-cup","tag-concacaf-champions","tag-concacaf-champions-cup","tag-kenny-rodas","tag-kenny-sports","tag-liga-nacional","tag-liga-nacional-de-futbol-de-guatemala"],"_links":{"self":[{"href":"https:\/\/antiguaesportiva.com\/revista\/wp-json\/wp\/v2\/posts\/5148","targetHints":{"allow":["GET"]}}],"collection":[{"href":"https:\/\/antiguaesportiva.com\/revista\/wp-json\/wp\/v2\/posts"}],"about":[{"href":"https:\/\/antiguaesportiva.com\/revista\/wp-json\/wp\/v2\/types\/post"}],"author":[{"embeddable":true,"href":"https:\/\/antiguaesportiva.com\/revista\/wp-json\/wp\/v2\/users\/5"}],"replies":[{"embeddable":true,"href":"https:\/\/antiguaesportiva.com\/revista\/wp-json\/wp\/v2\/comments?post=5148"}],"version-history":[{"count":2,"href":"https:\/\/antiguaesportiva.com\/revista\/wp-json\/wp\/v2\/posts\/5148\/revisions"}],"predecessor-version":[{"id":5150,"href":"https:\/\/antiguaesportiva.com\/revista\/wp-json\/wp\/v2\/posts\/5148\/revisions\/5150"}],"wp:featuredmedia":[{"embeddable":true,"href":"https:\/\/antiguaesportiva.com\/revista\/wp-json\/wp\/v2\/media\/4979"}],"wp:attachment":[{"href":"https:\/\/antiguaesportiva.com\/revista\/wp-json\/wp\/v2\/media?parent=5148"}],"wp:term":[{"taxonomy":"category","embeddable":true,"href":"https:\/\/antiguaesportiva.com\/revista\/wp-json\/wp\/v2\/categories?post=5148"},{"taxonomy":"post_tag","embeddable":true,"href":"https:\/\/antiguaesportiva.com\/revista\/wp-json\/wp\/v2\/tags?post=5148"}],"curies":[{"name":"wp","href":"https:\/\/api.w.org\/{rel}","templated":true}]}}