{"id":4853,"date":"2024-12-20T09:17:58","date_gmt":"2024-12-20T15:17:58","guid":{"rendered":"https:\/\/antiguaesportiva.com\/revista\/?p=4853"},"modified":"2024-12-20T09:17:58","modified_gmt":"2024-12-20T15:17:58","slug":"ansu-fati-recibe-el-alta-medica","status":"publish","type":"post","link":"https:\/\/antiguaesportiva.com\/revista\/2024\/12\/20\/ansu-fati-recibe-el-alta-medica\/","title":{"rendered":"Ansu Fati recibe el alta m\u00e9dica"},"content":{"rendered":"\n<p>El delantero podr\u00eda entrar en la convocatoria de Hansi Flick para recibir al Atl\u00e9tico de Madrid este s\u00e1bado.<\/p>\n\n\n\n<p>El FC Barcelona ha recibido una excelente noticia este viernes: Ansu Fati ha recibido el alta m\u00e9dica tras completar su \u00faltimo entrenamiento previo al enfrentamiento contra el Atl\u00e9tico de Madrid este s\u00e1bado, a las 21:00 horas, en el Estadi Ol\u00edmpic Llu\u00eds Companys de Montju\u00efc. El delantero hab\u00eda estado fuera de acci\u00f3n durante las \u00faltimas cinco semanas debido a una lesi\u00f3n en el b\u00edceps femoral de su pierna izquierda.<\/p>\n\n\n\n<figure class=\"wp-block-image size-large is-resized\"><a href=\"https:\/\/www.formacionsecretarial.edu.gt\/\"><img loading=\"lazy\" decoding=\"async\" width=\"723\" height=\"1024\" src=\"https:\/\/antiguaesportiva.com\/revista\/wp-content\/uploads\/2024\/12\/image-723x1024.png\" alt=\"\" class=\"wp-image-4403\" style=\"width:278px;height:auto\" srcset=\"https:\/\/antiguaesportiva.com\/revista\/wp-content\/uploads\/2024\/12\/image-723x1024.png 723w, https:\/\/antiguaesportiva.com\/revista\/wp-content\/uploads\/2024\/12\/image-212x300.png 212w, https:\/\/antiguaesportiva.com\/revista\/wp-content\/uploads\/2024\/12\/image-554x784.png 554w, https:\/\/antiguaesportiva.com\/revista\/wp-content\/uploads\/2024\/12\/image.png 750w\" sizes=\"auto, (max-width: 723px) 100vw, 723px\" \/><\/a><\/figure>\n\n\n\n<p>Aunque se esperaba que Fati estuviera disponible para el partido ante el Legan\u00e9s, su ausencia en la convocatoria sorprendi\u00f3, ya que hab\u00eda entrenado con normalidad durante la semana previa. Sin embargo, ahora se encuentra en perfectas condiciones para formar parte de la lista de convocados del t\u00e9cnico alem\u00e1n Hansi Flick.<\/p>\n\n\n\n<p>Con la recuperaci\u00f3n de Ansu Fati, el Barcelona ganar\u00e1 una valiosa opci\u00f3n en ataque para suplir la baja de Lamine Yamal, quien tambi\u00e9n se encuentra lesionado. Si Fati entra en la convocatoria, se unir\u00e1 a Pau V\u00edctor como alternativa desde el banquillo, lo que aumentar\u00e1 las opciones ofensivas del equipo.<\/p>\n\n\n\n<p>Hasta el momento, Ansu Fati ha disputado un total de 158 minutos en la presente temporada, distribuidos en siete encuentros. Es el tercer jugador con menos tiempo en el campo, solo por delante del lesionado Andreas Christensen (26 minutos) y del juvenil Andr\u00e9s Cuenca (6 minutos).<\/p>\n\n\n\n<p>Los seguidores del Barcelona esperan con ilusi\u00f3n la posible reaparici\u00f3n de Fati, quien podr\u00eda ser una pieza clave para el ataque azulgrana en el crucial partido contra el Atl\u00e9tico de Madrid.<\/p>\n","protected":false},"excerpt":{"rendered":"<p>El delantero podr\u00eda entrar en la convocatoria de Hansi Flick para recibir al Atl\u00e9tico de Madrid este s\u00e1bado. El FC Barcelona ha recibido una excelente noticia este viernes: Ansu Fati ha recibido el alta m\u00e9dica tras completar su \u00faltimo entrenamiento previo al enfrentamiento contra el Atl\u00e9tico de Madrid este s\u00e1bado, a las 21:00 horas, en [&hellip;]<\/p>\n","protected":false},"author":5,"featured_media":4854,"comment_status":"closed","ping_status":"closed","sticky":false,"template":"","format":"standard","meta":{"footnotes":""},"categories":[36],"tags":[210,47,64,48,49,90,91,89],"class_list":["post-4853","post","type-post","status-publish","format-standard","has-post-thumbnail","hentry","category-futbol-internacional","tag-ansu-fati","tag-antigua-esportiva","tag-fc-barcelona","tag-kenny-rodas","tag-kenny-sports","tag-la-liga","tag-la-liga-ea-sports","tag-laliga"],"_links":{"self":[{"href":"https:\/\/antiguaesportiva.com\/revista\/wp-json\/wp\/v2\/posts\/4853","targetHints":{"allow":["GET"]}}],"collection":[{"href":"https:\/\/antiguaesportiva.com\/revista\/wp-json\/wp\/v2\/posts"}],"about":[{"href":"https:\/\/antiguaesportiva.com\/revista\/wp-json\/wp\/v2\/types\/post"}],"author":[{"embeddable":true,"href":"https:\/\/antiguaesportiva.com\/revista\/wp-json\/wp\/v2\/users\/5"}],"replies":[{"embeddable":true,"href":"https:\/\/antiguaesportiva.com\/revista\/wp-json\/wp\/v2\/comments?post=4853"}],"version-history":[{"count":1,"href":"https:\/\/antiguaesportiva.com\/revista\/wp-json\/wp\/v2\/posts\/4853\/revisions"}],"predecessor-version":[{"id":4855,"href":"https:\/\/antiguaesportiva.com\/revista\/wp-json\/wp\/v2\/posts\/4853\/revisions\/4855"}],"wp:featuredmedia":[{"embeddable":true,"href":"https:\/\/antiguaesportiva.com\/revista\/wp-json\/wp\/v2\/media\/4854"}],"wp:attachment":[{"href":"https:\/\/antiguaesportiva.com\/revista\/wp-json\/wp\/v2\/media?parent=4853"}],"wp:term":[{"taxonomy":"category","embeddable":true,"href":"https:\/\/antiguaesportiva.com\/revista\/wp-json\/wp\/v2\/categories?post=4853"},{"taxonomy":"post_tag","embeddable":true,"href":"https:\/\/antiguaesportiva.com\/revista\/wp-json\/wp\/v2\/tags?post=4853"}],"curies":[{"name":"wp","href":"https:\/\/api.w.org\/{rel}","templated":true}]}}