{"id":4750,"date":"2024-12-16T12:37:53","date_gmt":"2024-12-16T18:37:53","guid":{"rendered":"https:\/\/antiguaesportiva.com\/revista\/?p=4750"},"modified":"2024-12-16T12:37:54","modified_gmt":"2024-12-16T18:37:54","slug":"en-costa-rica-afirman-que-villatoro-tiene-nuevo-club","status":"publish","type":"post","link":"https:\/\/antiguaesportiva.com\/revista\/2024\/12\/16\/en-costa-rica-afirman-que-villatoro-tiene-nuevo-club\/","title":{"rendered":"En Costa Rica afirman que Villatoro tiene nuevo club"},"content":{"rendered":"\n<p>ATENCI\u00d3N. A d\u00edas que se dispute la Final (vuelta) contra Cob\u00e1n, el t\u00e9cnico de Xelaj\u00fa ya tendr\u00eda nuevo cuadro, y no en Guatemala. <\/p>\n\n\n\n<p>\u00daLTIMA HORA.  Desde Costa Rica, fuentes cercanas a CS Cartagin\u00e9s, informaron a Antigua Esportiva sobre la posible llega de un t\u00e9cnico guatemalteco a sus filas. Y si, no se trata de otro que de Marvin Amarini Villatoro, quien en este momento se mantiene ligado a CSD Xelaj\u00fa MC, cuadro que meti\u00f3 nuevamente a una Final de Liga Nacional (y que, por ahora, pierde 0-2 en la serie contra Cob\u00e1n). <\/p>\n\n\n\n<figure class=\"wp-block-image size-large is-resized\"><a href=\"https:\/\/www.formacionsecretarial.edu.gt\/\"><img loading=\"lazy\" decoding=\"async\" width=\"723\" height=\"1024\" src=\"https:\/\/antiguaesportiva.com\/revista\/wp-content\/uploads\/2024\/12\/image-723x1024.png\" alt=\"\" class=\"wp-image-4403\" style=\"width:287px;height:auto\" srcset=\"https:\/\/antiguaesportiva.com\/revista\/wp-content\/uploads\/2024\/12\/image-723x1024.png 723w, https:\/\/antiguaesportiva.com\/revista\/wp-content\/uploads\/2024\/12\/image-212x300.png 212w, https:\/\/antiguaesportiva.com\/revista\/wp-content\/uploads\/2024\/12\/image-554x784.png 554w, https:\/\/antiguaesportiva.com\/revista\/wp-content\/uploads\/2024\/12\/image.png 750w\" sizes=\"auto, (max-width: 723px) 100vw, 723px\" \/><\/a><\/figure>\n\n\n\n<h2 class=\"wp-block-heading\">Decisiones dr\u00e1sticas<\/h2>\n\n\n\n<p>Luego de quedar eliminados del Apertura 2024, considerando esto como un fracaso, el CS Cartagin\u00e9s tom\u00f3 la decisi\u00f3n de desvincular al entonces director t\u00e9cnico, Greivin Mora, de cara al Torneo Clausura 2025. Por lo tanto, esta decisi\u00f3n oblig\u00f3 al cuadro &#8216;Brumoso&#8217; a ir en busca de un nuevo timonel.<\/p>\n\n\n\n<h2 class=\"wp-block-heading\">Y claro que Villatoro llama la atenci\u00f3n<\/h2>\n\n\n\n<p>En este caso, la carpeta que m\u00e1s interesaba, era la del &#8216;Verapacense&#8217; Marvin Amarini Villatoro, que en el f\u00fatbol de Guatemala ya ha conseguido 3 t\u00edtulos de Liga (2 con Guastatoya y 1 con Xelaj\u00fa) y que, por si fuera poco, est\u00e1 en la lucha por llegar a su cuarto campeonato ganado como entrenador. <\/p>\n\n\n\n<p>Los pr\u00f3ximos d\u00edas o, incluso, las pr\u00f3ximas horas, podr\u00edan ser cruciales para conocer el futuro del t\u00e9cnico guatemalteco, que en el pasado tuvo un paso por el f\u00fatbol de Costa Rica, salvando del descenso a P\u00e9rez Zeled\u00f3n. <\/p>\n","protected":false},"excerpt":{"rendered":"<p>ATENCI\u00d3N. A d\u00edas que se dispute la Final (vuelta) contra Cob\u00e1n, el t\u00e9cnico de Xelaj\u00fa ya tendr\u00eda nuevo cuadro, y no en Guatemala. \u00daLTIMA HORA. Desde Costa Rica, fuentes cercanas a CS Cartagin\u00e9s, informaron a Antigua Esportiva sobre la posible llega de un t\u00e9cnico guatemalteco a sus filas. Y si, no se trata de otro [&hellip;]<\/p>\n","protected":false},"author":5,"featured_media":4763,"comment_status":"closed","ping_status":"closed","sticky":false,"template":"","format":"standard","meta":{"footnotes":""},"categories":[31],"tags":[194,47,50,191,109,48,49,56,55,193,192,110],"class_list":["post-4750","post","type-post","status-publish","format-standard","has-post-thumbnail","hentry","category-liga-nacional","tag-amarini-villatoro","tag-antigua-esportiva","tag-apertura-2024","tag-cs-cartagines","tag-csd-xelaju-mc","tag-kenny-rodas","tag-kenny-sports","tag-liga-nacional","tag-liga-nacional-de-futbol-de-guatemala","tag-marvin-amarini-villatoro","tag-perez-zeledon","tag-xelaju-mc"],"_links":{"self":[{"href":"https:\/\/antiguaesportiva.com\/revista\/wp-json\/wp\/v2\/posts\/4750","targetHints":{"allow":["GET"]}}],"collection":[{"href":"https:\/\/antiguaesportiva.com\/revista\/wp-json\/wp\/v2\/posts"}],"about":[{"href":"https:\/\/antiguaesportiva.com\/revista\/wp-json\/wp\/v2\/types\/post"}],"author":[{"embeddable":true,"href":"https:\/\/antiguaesportiva.com\/revista\/wp-json\/wp\/v2\/users\/5"}],"replies":[{"embeddable":true,"href":"https:\/\/antiguaesportiva.com\/revista\/wp-json\/wp\/v2\/comments?post=4750"}],"version-history":[{"count":1,"href":"https:\/\/antiguaesportiva.com\/revista\/wp-json\/wp\/v2\/posts\/4750\/revisions"}],"predecessor-version":[{"id":4764,"href":"https:\/\/antiguaesportiva.com\/revista\/wp-json\/wp\/v2\/posts\/4750\/revisions\/4764"}],"wp:featuredmedia":[{"embeddable":true,"href":"https:\/\/antiguaesportiva.com\/revista\/wp-json\/wp\/v2\/media\/4763"}],"wp:attachment":[{"href":"https:\/\/antiguaesportiva.com\/revista\/wp-json\/wp\/v2\/media?parent=4750"}],"wp:term":[{"taxonomy":"category","embeddable":true,"href":"https:\/\/antiguaesportiva.com\/revista\/wp-json\/wp\/v2\/categories?post=4750"},{"taxonomy":"post_tag","embeddable":true,"href":"https:\/\/antiguaesportiva.com\/revista\/wp-json\/wp\/v2\/tags?post=4750"}],"curies":[{"name":"wp","href":"https:\/\/api.w.org\/{rel}","templated":true}]}}