{"id":4426,"date":"2024-12-03T14:39:56","date_gmt":"2024-12-03T20:39:56","guid":{"rendered":"https:\/\/antiguaesportiva.com\/revista\/?p=4426"},"modified":"2024-12-03T14:39:57","modified_gmt":"2024-12-03T20:39:57","slug":"el-barcelona-golea-de-visita","status":"publish","type":"post","link":"https:\/\/antiguaesportiva.com\/revista\/2024\/12\/03\/el-barcelona-golea-de-visita\/","title":{"rendered":"El Barcelona golea de visita"},"content":{"rendered":"\n<p class=\"has-black-color has-text-color has-link-color wp-elements-023bf17e30bb3d7d01fee7e320d3f953\">Goleada ante el Mallorca que los mantiene en la punta de la tabla de posiciones. <\/p>\n\n\n\n<p class=\"has-black-color has-text-color has-link-color wp-elements-0389d2d7cce22fd546ba0b394d37cee7\">El FC Barcelona logr\u00f3 una victoria contundente en Son Moix ante el RCD Mallorca (1-5), un triunfo que se antojaba vital para el equipo de Thomas Tuchel tras una serie de resultados decepcionantes. Este partido, marcado por una segunda mitad arrolladora, permiti\u00f3 al conjunto cul\u00e9 recuperar la confianza y reafirmar su posici\u00f3n en la cima de la tabla de LaLiga. El duelo estuvo envuelto en un ambiente vibrante, con un Mallorca que hasta esta fecha solo hab\u00eda encajado 13 goles en toda la temporada y que sal\u00eda al campo con una moral alta, tras un arranque competitivo y s\u00f3lido.<\/p>\n\n\n\n<h3 class=\"wp-block-heading\">La previa: Pasi\u00f3n y nervios en Son Moix<\/h3>\n\n\n\n<p class=\"has-black-color has-text-color has-link-color wp-elements-c5455126925f50ac263ec8e753c85014\">Antes del comienzo del partido, Son Moix se convirti\u00f3 en un escenario especial. El estadio, renovado y con una est\u00e9tica atractiva, acog\u00eda a numerosos aficionados, entre ellos muchos seguidores del Bar\u00e7a. Las calles aleda\u00f1as se llenaron de color, y un dispositivo policial fue desplegado para mantener el orden ante la expectaci\u00f3n por la visita del equipo catal\u00e1n. En los minutos previos, un trabajador del club local comentaba c\u00f3mo el ambiente era diferente al de otros partidos: \u201cFuera entiendo que haya m\u00e1s seguridad, pero aqu\u00ed dentro no entiendo por qu\u00e9 est\u00e1 todo el mundo tan nervioso, deber\u00eda ser como ante el Alav\u00e9s\u201d.<\/p>\n\n\n\n<h3 class=\"wp-block-heading\">Un comienzo accidentado y un gol afortunado<\/h3>\n\n\n\n<p class=\"has-black-color has-text-color has-link-color wp-elements-d0d57535efba90e3a383a7ef4a044dfe\">El Bar\u00e7a arranc\u00f3 el partido con una sorpresa: Robert Lewandowski comenzaba desde el banquillo, una decisi\u00f3n inesperada de Tuchel que sorprendi\u00f3 a propios y extra\u00f1os. En los primeros minutos, el Mallorca mostr\u00f3 por qu\u00e9 es uno de los equipos menos goleados de la competici\u00f3n, aunque un error en la defensa local le permiti\u00f3 al Bar\u00e7a adelantarse en el marcador. Ferran Torres, que regresaba a la titularidad tras dos meses, aprovech\u00f3 un fallo entre los defensores Valjent y Mojica para marcar de manera fortuita y poner el 0-1 en el marcador.<\/p>\n\n\n\n<p class=\"has-black-color has-text-color has-link-color wp-elements-51b3b1cf2a3a77c8cbf14b05b0291ce9\">Este gol, aunque logrado sin mucho brillo, sirvi\u00f3 para que los azulgranas se hicieran con el control del partido. Ferran estuvo cerca de aumentar la ventaja con un buen remate tras un centro de Balde, mientras que Lamine Yamal tuvo una oportunidad clara tras un pase de Raphinha, aunque no logr\u00f3 definir con precisi\u00f3n. El Mallorca, por su parte, intentaba responder con la habilidad de Muriqi y la calidad de Darder, quien comenzaba a mostrar destellos de su talento.<\/p>\n\n\n\n<h3 class=\"wp-block-heading\">El gol del empate y la tensi\u00f3n en el primer tiempo<\/h3>\n\n\n\n<p class=\"has-black-color has-text-color has-link-color wp-elements-723964e66a52af13a3772bec78b3ea4b\">El equipo local no tard\u00f3 en reaccionar y, tras un buen pase de Darder, Maffeo se conect\u00f3 con Muriqi, quien dej\u00f3 al lateral en una posici\u00f3n favorable para marcar. El gol del \u2018Pirata\u2019 (1-1) desat\u00f3 la euforia en Son Moix y dej\u00f3 claro que el partido estaba lejos de decidirse. Adem\u00e1s, antes de ir al descanso, Raphinha tuvo una oportunidad clara de poner al Bar\u00e7a por delante, pero su mano a mano fue desviado de manera sobresaliente por Leo Rom\u00e1n.<\/p>\n\n\n\n<p class=\"has-black-color has-text-color has-link-color wp-elements-67e3e3f4c7e80284f00f0a72067e9317\">El primer tiempo acab\u00f3 con el marcador empatado y una sensaci\u00f3n de incertidumbre en el aire, pero con un Bar\u00e7a que a\u00fan manten\u00eda la esperanza de una segunda mitad m\u00e1s s\u00f3lida.<\/p>\n\n\n\n<h3 class=\"wp-block-heading\">El despertar del Bar\u00e7a en la segunda mitad<\/h3>\n\n\n\n<p class=\"has-black-color has-text-color has-link-color wp-elements-607b6a7416f895e6b40d4c379aca4b83\">Tuchel se hizo sentir en el vestuario y el equipo sali\u00f3 al campo con otro aire. Los primeros minutos del segundo tiempo mostraron a un Bar\u00e7a m\u00e1s incisivo y decidido. Ferran Torres tuvo una buena ocasi\u00f3n con un tiro raso que se fue por poco, y Raphinha tambi\u00e9n estuvo cerca de marcar con una falta directa que fue bien despejada por Rom\u00e1n.<\/p>\n\n\n\n<p class=\"has-black-color has-text-color has-link-color wp-elements-db7df1f86bee38a3970c305471b5cecf\">La primera gran oportunidad lleg\u00f3 en el minuto 57, cuando Lamine Yamal, en una demostraci\u00f3n de velocidad y talento, arranc\u00f3 desde el centro del campo y fue derribado por Mojica en el \u00e1rea. El \u00e1rbitro se\u00f1al\u00f3 el penalti, y Raphinha no fall\u00f3: su gol n\u00famero 15 de la temporada y el 0-2 que empezaba a encarrilar la victoria para el Bar\u00e7a.<\/p>\n\n\n\n<h3 class=\"wp-block-heading\">Un final arrollador y la goleada definitiva<\/h3>\n\n\n\n<p class=\"has-black-color has-text-color has-link-color wp-elements-ca31615bc240586b02850eebc55d9a65\">El Bar\u00e7a no se conform\u00f3 y sigui\u00f3 empujando. En el minuto 75, Lamine Yamal volvi\u00f3 a ser protagonista con un centro preciso que encontr\u00f3 a Raphinha en el \u00e1rea. El brasile\u00f1o, llegando entre los defensores, desvi\u00f3 lo suficiente para marcar el 1-3. El Mallorca, herido y sin fuerzas, baj\u00f3 los brazos y, a los cinco minutos, Frenkie de Jong aprovech\u00f3 un rebote para marcar su primer gol de la temporada y poner el 1-4 en el marcador.<\/p>\n\n\n\n<p class=\"has-black-color has-text-color has-link-color wp-elements-4a2b0a9d0b6d57ad260c2dc6222dbc06\">El \u00faltimo gol del partido fue obra de Pau V\u00edctor, quien, con el equipo completamente volcado al ataque, cerr\u00f3 la goleada con un tanto que sell\u00f3 el definitivo 1-5.<\/p>\n\n\n\n<h3 class=\"wp-block-heading\">El resurgir del Bar\u00e7a<\/h3>\n\n\n\n<p class=\"has-black-color has-text-color has-link-color wp-elements-8ccebd498c3e723af875739feb4a5f78\">La victoria fue m\u00e1s que necesaria para el Bar\u00e7a, que necesitaba reencontrarse con el triunfo y mejorar las sensaciones tras una racha de resultados negativos. El equipo de Tuchel, impulsado por la actitud y el talento de jugadores como Ferran, Lamine y Raphinha, volvi\u00f3 a mostrar su capacidad de respuesta y se recuper\u00f3 de la incertidumbre que hab\u00eda rodeado a las \u00faltimas semanas. Esta victoria no solo asegura el liderato, sino que tambi\u00e9n sirve como un mensaje a los rivales: el Bar\u00e7a est\u00e1 de vuelta y preparado para luchar por sus objetivos.<\/p>\n","protected":false},"excerpt":{"rendered":"<p>Goleada ante el Mallorca que los mantiene en la punta de la tabla de posiciones. El FC Barcelona logr\u00f3 una victoria contundente en Son Moix ante el RCD Mallorca (1-5), un triunfo que se antojaba vital para el equipo de Thomas Tuchel tras una serie de resultados decepcionantes. Este partido, marcado por una segunda mitad [&hellip;]<\/p>\n","protected":false},"author":5,"featured_media":4429,"comment_status":"closed","ping_status":"closed","sticky":false,"template":"","format":"standard","meta":{"footnotes":""},"categories":[36],"tags":[47,48,49,90,91,89,94,93],"class_list":["post-4426","post","type-post","status-publish","format-standard","has-post-thumbnail","hentry","category-futbol-internacional","tag-antigua-esportiva","tag-kenny-rodas","tag-kenny-sports","tag-la-liga","tag-la-liga-ea-sports","tag-laliga","tag-mallorca","tag-raphinha"],"_links":{"self":[{"href":"https:\/\/antiguaesportiva.com\/revista\/wp-json\/wp\/v2\/posts\/4426","targetHints":{"allow":["GET"]}}],"collection":[{"href":"https:\/\/antiguaesportiva.com\/revista\/wp-json\/wp\/v2\/posts"}],"about":[{"href":"https:\/\/antiguaesportiva.com\/revista\/wp-json\/wp\/v2\/types\/post"}],"author":[{"embeddable":true,"href":"https:\/\/antiguaesportiva.com\/revista\/wp-json\/wp\/v2\/users\/5"}],"replies":[{"embeddable":true,"href":"https:\/\/antiguaesportiva.com\/revista\/wp-json\/wp\/v2\/comments?post=4426"}],"version-history":[{"count":1,"href":"https:\/\/antiguaesportiva.com\/revista\/wp-json\/wp\/v2\/posts\/4426\/revisions"}],"predecessor-version":[{"id":4430,"href":"https:\/\/antiguaesportiva.com\/revista\/wp-json\/wp\/v2\/posts\/4426\/revisions\/4430"}],"wp:featuredmedia":[{"embeddable":true,"href":"https:\/\/antiguaesportiva.com\/revista\/wp-json\/wp\/v2\/media\/4429"}],"wp:attachment":[{"href":"https:\/\/antiguaesportiva.com\/revista\/wp-json\/wp\/v2\/media?parent=4426"}],"wp:term":[{"taxonomy":"category","embeddable":true,"href":"https:\/\/antiguaesportiva.com\/revista\/wp-json\/wp\/v2\/categories?post=4426"},{"taxonomy":"post_tag","embeddable":true,"href":"https:\/\/antiguaesportiva.com\/revista\/wp-json\/wp\/v2\/tags?post=4426"}],"curies":[{"name":"wp","href":"https:\/\/api.w.org\/{rel}","templated":true}]}}