{"id":4321,"date":"2024-11-29T20:01:23","date_gmt":"2024-11-29T19:01:23","guid":{"rendered":"https:\/\/antiguaesportiva.com\/revista\/?p=4321"},"modified":"2024-11-29T20:13:40","modified_gmt":"2024-11-29T19:13:40","slug":"brandon-de-leon-la-serie-esta-abierta-y-estamos-en-igualdad-de-condiciones","status":"publish","type":"post","link":"https:\/\/antiguaesportiva.com\/revista\/2024\/11\/29\/brandon-de-leon-la-serie-esta-abierta-y-estamos-en-igualdad-de-condiciones\/","title":{"rendered":"Brandon de Le\u00f3n: &#8220;La serie est\u00e1 abierta y estamos en igualdad de condiciones&#8221;."},"content":{"rendered":"\n<p>Brandon de Le\u00f3n, mediocampista de Antigua GFC, conf\u00eda en la clasificaci\u00f3n de Antigua a Semifinales.<\/p>\n\n\n\n<figure class=\"wp-block-embed is-type-video is-provider-youtube wp-block-embed-youtube wp-embed-aspect-16-9 wp-has-aspect-ratio\"><div class=\"wp-block-embed__wrapper\">\n<iframe loading=\"lazy\" title=\"Brandon de Le\u00f3n: &quot;La serie est\u00e1 abierta y estamos en igualdad de condiciones&quot;.\" width=\"800\" height=\"450\" src=\"https:\/\/www.youtube.com\/embed\/ZymkGbRIQAU?feature=oembed\" frameborder=\"0\" allow=\"accelerometer; autoplay; clipboard-write; encrypted-media; gyroscope; picture-in-picture; web-share\" referrerpolicy=\"strict-origin-when-cross-origin\" allowfullscreen><\/iframe>\n<\/div><\/figure>\n","protected":false},"excerpt":{"rendered":"<p>Brandon de Le\u00f3n, mediocampista de Antigua GFC, conf\u00eda en la clasificaci\u00f3n de Antigua a Semifinales.<\/p>\n","protected":false},"author":5,"featured_media":4322,"comment_status":"open","ping_status":"open","sticky":false,"template":"","format":"video","meta":{"footnotes":""},"categories":[66],"tags":[46,47,45,50,75,76,48,49,56,55],"class_list":["post-4321","post","type-post","status-publish","format-video","has-post-thumbnail","hentry","category-videos","tag-antigua","tag-antigua-esportiva","tag-antigua-gfc","tag-apertura-2024","tag-brandon-de-leon","tag-csd-municipal","tag-kenny-rodas","tag-kenny-sports","tag-liga-nacional","tag-liga-nacional-de-futbol-de-guatemala","post_format-post-format-video"],"_links":{"self":[{"href":"https:\/\/antiguaesportiva.com\/revista\/wp-json\/wp\/v2\/posts\/4321","targetHints":{"allow":["GET"]}}],"collection":[{"href":"https:\/\/antiguaesportiva.com\/revista\/wp-json\/wp\/v2\/posts"}],"about":[{"href":"https:\/\/antiguaesportiva.com\/revista\/wp-json\/wp\/v2\/types\/post"}],"author":[{"embeddable":true,"href":"https:\/\/antiguaesportiva.com\/revista\/wp-json\/wp\/v2\/users\/5"}],"replies":[{"embeddable":true,"href":"https:\/\/antiguaesportiva.com\/revista\/wp-json\/wp\/v2\/comments?post=4321"}],"version-history":[{"count":2,"href":"https:\/\/antiguaesportiva.com\/revista\/wp-json\/wp\/v2\/posts\/4321\/revisions"}],"predecessor-version":[{"id":4326,"href":"https:\/\/antiguaesportiva.com\/revista\/wp-json\/wp\/v2\/posts\/4321\/revisions\/4326"}],"wp:featuredmedia":[{"embeddable":true,"href":"https:\/\/antiguaesportiva.com\/revista\/wp-json\/wp\/v2\/media\/4322"}],"wp:attachment":[{"href":"https:\/\/antiguaesportiva.com\/revista\/wp-json\/wp\/v2\/media?parent=4321"}],"wp:term":[{"taxonomy":"category","embeddable":true,"href":"https:\/\/antiguaesportiva.com\/revista\/wp-json\/wp\/v2\/categories?post=4321"},{"taxonomy":"post_tag","embeddable":true,"href":"https:\/\/antiguaesportiva.com\/revista\/wp-json\/wp\/v2\/tags?post=4321"}],"curies":[{"name":"wp","href":"https:\/\/api.w.org\/{rel}","templated":true}]}}