{"id":15601,"date":"2026-09-05T14:20:07","date_gmt":"2026-09-05T20:20:07","guid":{"rendered":"https:\/\/antiguaesportiva.com\/revista\/?p=15601"},"modified":"2026-09-05T14:20:08","modified_gmt":"2026-09-05T20:20:08","slug":"mauricio-tapia-analiza-el-empate-ante-aurora-nos-sigue-faltando-lo-mismo","status":"publish","type":"post","link":"https:\/\/antiguaesportiva.com\/revista\/2026\/09\/05\/mauricio-tapia-analiza-el-empate-ante-aurora-nos-sigue-faltando-lo-mismo\/","title":{"rendered":"Mauricio Tapia analiza el empate ante Aurora: &#8220;Nos sigue faltando lo mismo&#8221;"},"content":{"rendered":"\n<p class=\"wp-block-paragraph\">El director t\u00e9cnico de Antigua GFC, Mauricio Tapia, ofreci\u00f3 sus impresiones en conferencia de prensa tras el empate conseguido frente al conjunto de Aurora, abordando los desaf\u00edos actuales del equipo, las lesiones y el proceso de reestructuraci\u00f3n del plantel.<\/p>\n\n\n\n<figure class=\"wp-block-image size-large\"><img loading=\"lazy\" decoding=\"async\" width=\"723\" height=\"1024\" src=\"https:\/\/antiguaesportiva.com\/revista\/wp-content\/uploads\/2026\/08\/ifs-Merca-2027-723x1024.jpg\" alt=\"\" class=\"wp-image-15347\" srcset=\"https:\/\/antiguaesportiva.com\/revista\/wp-content\/uploads\/2026\/08\/ifs-Merca-2027-723x1024.jpg 723w, https:\/\/antiguaesportiva.com\/revista\/wp-content\/uploads\/2026\/08\/ifs-Merca-2027-212x300.jpg 212w, https:\/\/antiguaesportiva.com\/revista\/wp-content\/uploads\/2026\/08\/ifs-Merca-2027-768x1087.jpg 768w, https:\/\/antiguaesportiva.com\/revista\/wp-content\/uploads\/2026\/08\/ifs-Merca-2027-554x784.jpg 554w, https:\/\/antiguaesportiva.com\/revista\/wp-content\/uploads\/2026\/08\/ifs-Merca-2027.jpg 1000w\" sizes=\"auto, (max-width: 723px) 100vw, 723px\" \/><\/figure>\n\n\n\n<h2 class=\"wp-block-heading\"><strong>Falta de contundencia y espacios cedidos<\/strong><\/h2>\n\n\n\n<p class=\"wp-block-paragraph\">Tapia reconoci\u00f3 que el equipo busc\u00f3 implementar un enfoque t\u00e1ctico diferente en este encuentro, motivado en parte por las sensaciones dejadas tras la reciente eliminaci\u00f3n de la Copa Centroamericana. Sin embargo, se\u00f1al\u00f3 que el equipo sigue adoleciendo de los mismos problemas en la definici\u00f3n.<\/p>\n\n\n\n<p class=\"wp-block-paragraph\">&#8220;Nos sigue faltando lo mismo. Generamos situaciones, pero no me acuerdo de muchas que hayamos concretado&#8221;, afirm\u00f3 el estratega. Adem\u00e1s, hizo hincapi\u00e9 en que el equipo concedi\u00f3 demasiado tiempo y espacio al rival, lo que complic\u00f3 el desarrollo del partido. A pesar de esto, valor\u00f3 que con el empate el equipo logr\u00f3 asentarse, manejando el bal\u00f3n con mayor tranquilidad y mostrando &#8220;mucha m\u00e1s agresividad&#8221; en la segunda mitad.<\/p>\n\n\n\n<h2 class=\"wp-block-heading\"><strong>Las lesiones limitan las rotaciones<\/strong><\/h2>\n\n\n\n<p class=\"wp-block-paragraph\">El estado f\u00edsico del plantel es otra de las preocupaciones del cuerpo t\u00e9cnico. Tapia lament\u00f3 no poder contar con la regularidad deseada en algunos jugadores debido a problemas f\u00edsicos.<\/p>\n\n\n\n<p class=\"wp-block-paragraph\">Se refiri\u00f3 a la situaci\u00f3n de Diego Fern\u00e1ndez, indicando que &#8220;se lastim\u00f3 feo&#8221;, lo que impide que jugadores como \u00e9l puedan tener la continuidad necesaria (&#8220;una seguidilla de dos o tres partidos seguidos&#8221;) o siquiera una participaci\u00f3n constante. El t\u00e9cnico aclar\u00f3 que esta falta de minutos no responde a decisiones t\u00e9cnicas, sino a las circunstancias m\u00e9dicas. Esta situaci\u00f3n lo ha obligado a acelerar procesos, mencionando espec\u00edficamente a &#8220;Zamora&#8221;, a quien debe sostener buscando mantener la forma de juego.<\/p>\n\n\n\n<h2 class=\"wp-block-heading\"><strong>La adaptaci\u00f3n tras un recambio profundo<\/strong><\/h2>\n\n\n\n<p class=\"wp-block-paragraph\">Finalmente, Tapia reflexion\u00f3 sobre el proceso que atraviesa Antigua GFC tras una profunda renovaci\u00f3n del plantel. Subray\u00f3 la necesidad de mantener la calma y comprender que la adaptaci\u00f3n lleva tiempo.<\/p>\n\n\n\n<p class=\"wp-block-paragraph\">&#8220;Necesito que aparezca la tranquilidad porque entiendo que a veces me traiciona el no querer entender que cambiamos m\u00e1s del 60% o 70% de un equipo&#8221;, expres\u00f3. Reconoci\u00f3 que en un escenario ideal, todos los jugadores &#8220;deber\u00edan levantar la mano&#8221; para ser titulares, pero admiti\u00f3 que actualmente no cuenta con la profundidad de plantel que desear\u00eda. Esta situaci\u00f3n lo lleva a evaluar constantemente &#8220;hasta cu\u00e1ndo debemos sostener ciertas cosas que no funcionan&#8221; y cu\u00e1ndo es el momento de &#8220;insertar cosas distintas&#8221;.<\/p>\n","protected":false},"excerpt":{"rendered":"<p>El director t\u00e9cnico de Antigua GFC, Mauricio Tapia, ofreci\u00f3 sus impresiones en conferencia de prensa tras el empate conseguido frente al conjunto de Aurora, abordando los desaf\u00edos actuales del equipo, las lesiones y el proceso de reestructuraci\u00f3n del plantel. Falta de contundencia y espacios cedidos Tapia reconoci\u00f3 que el equipo busc\u00f3 implementar un enfoque t\u00e1ctico [&hellip;]<\/p>\n","protected":false},"author":9,"featured_media":15602,"comment_status":"closed","ping_status":"closed","sticky":false,"template":"","format":"standard","meta":{"footnotes":""},"categories":[29],"tags":[47,45,1514,291,56,55,1483],"class_list":["post-15601","post","type-post","status-publish","format-standard","has-post-thumbnail","hentry","category-antigua-gfc","tag-antigua-esportiva","tag-antigua-gfc","tag-dt-mauricio-tapia","tag-guatemala","tag-liga-nacional","tag-liga-nacional-de-futbol-de-guatemala","tag-sofia-melgar"],"_links":{"self":[{"href":"https:\/\/antiguaesportiva.com\/revista\/wp-json\/wp\/v2\/posts\/15601","targetHints":{"allow":["GET"]}}],"collection":[{"href":"https:\/\/antiguaesportiva.com\/revista\/wp-json\/wp\/v2\/posts"}],"about":[{"href":"https:\/\/antiguaesportiva.com\/revista\/wp-json\/wp\/v2\/types\/post"}],"author":[{"embeddable":true,"href":"https:\/\/antiguaesportiva.com\/revista\/wp-json\/wp\/v2\/users\/9"}],"replies":[{"embeddable":true,"href":"https:\/\/antiguaesportiva.com\/revista\/wp-json\/wp\/v2\/comments?post=15601"}],"version-history":[{"count":1,"href":"https:\/\/antiguaesportiva.com\/revista\/wp-json\/wp\/v2\/posts\/15601\/revisions"}],"predecessor-version":[{"id":15603,"href":"https:\/\/antiguaesportiva.com\/revista\/wp-json\/wp\/v2\/posts\/15601\/revisions\/15603"}],"wp:featuredmedia":[{"embeddable":true,"href":"https:\/\/antiguaesportiva.com\/revista\/wp-json\/wp\/v2\/media\/15602"}],"wp:attachment":[{"href":"https:\/\/antiguaesportiva.com\/revista\/wp-json\/wp\/v2\/media?parent=15601"}],"wp:term":[{"taxonomy":"category","embeddable":true,"href":"https:\/\/antiguaesportiva.com\/revista\/wp-json\/wp\/v2\/categories?post=15601"},{"taxonomy":"post_tag","embeddable":true,"href":"https:\/\/antiguaesportiva.com\/revista\/wp-json\/wp\/v2\/tags?post=15601"}],"curies":[{"name":"wp","href":"https:\/\/api.w.org\/{rel}","templated":true}]}}