{"id":15578,"date":"2026-09-04T15:21:25","date_gmt":"2026-09-04T21:21:25","guid":{"rendered":"https:\/\/antiguaesportiva.com\/revista\/?p=15578"},"modified":"2026-09-04T15:21:26","modified_gmt":"2026-09-04T21:21:26","slug":"el-futbol-argentino-parara-por-lionel-messi","status":"publish","type":"post","link":"https:\/\/antiguaesportiva.com\/revista\/2026\/09\/04\/el-futbol-argentino-parara-por-lionel-messi\/","title":{"rendered":"El f\u00fatbol argentino parar\u00e1 por Lionel Messi"},"content":{"rendered":"\n<p class=\"wp-block-paragraph\"><strong>La AFA oficializ\u00f3 un emotivo tributo en todas sus categor\u00edas tras el anuncio del retiro del astro rosarino de la selecci\u00f3n albiceleste.<\/strong><\/p>\n\n\n\n<p class=\"wp-block-paragraph\">El balompi\u00e9 argentino se prepara para vivir una jornada hist\u00f3rica. La Asociaci\u00f3n del F\u00fatbol Argentino (AFA) confirm\u00f3 este mi\u00e9rcoles un protocolo especial de homenaje a Lionel Messi, quien el pasado lunes formaliz\u00f3 el fin de su etapa como internacional con la selecci\u00f3n mayor de Argentina a los 39 a\u00f1os.<\/p>\n\n\n\n<p class=\"wp-block-paragraph\">La medida, de alcance masivo, se aplicar\u00e1 durante la pr\u00f3xima fecha en todas las categor\u00edas de la disciplina, abarcando tanto los torneos masculinos como femeninos.<\/p>\n\n\n\n<figure class=\"wp-block-image size-full\"><img loading=\"lazy\" decoding=\"async\" width=\"700\" height=\"250\" src=\"https:\/\/antiguaesportiva.com\/revista\/wp-content\/uploads\/2025\/12\/fisiocas-web.png\" alt=\"\" class=\"wp-image-11081\" srcset=\"https:\/\/antiguaesportiva.com\/revista\/wp-content\/uploads\/2025\/12\/fisiocas-web.png 700w, https:\/\/antiguaesportiva.com\/revista\/wp-content\/uploads\/2025\/12\/fisiocas-web-300x107.png 300w, https:\/\/antiguaesportiva.com\/revista\/wp-content\/uploads\/2025\/12\/fisiocas-web-554x198.png 554w\" sizes=\"auto, (max-width: 700px) 100vw, 700px\" \/><figcaption class=\"wp-element-caption\">Fisioterapia<\/figcaption><\/figure>\n\n\n\n<h2 class=\"wp-block-heading\"><strong>Modalidad del reconocimiento en los estadios<\/strong><\/h2>\n\n\n\n<p class=\"wp-block-paragraph\">El tributo institucional dispuesto por la entidad rectora se desplegar\u00e1 en dos instancias clave durante cada jornada deportiva. Por un lado, transcurrido el minuto 10 de juego, el \u00e1rbitro detendr\u00e1 las acciones durante 60 segundos para dar paso a una pausa sim\u00e9trica y ovaci\u00f3n colectiva desde las tribunas, sumando a futbolistas, colegiados y cuerpos t\u00e9cnicos. Asimismo, como parte de este homenaje audiovisual unificado, en los recintos equipados con pantallas gigantes se proyectar\u00e1 de forma simult\u00e1nea un metraje oficial producido por la AFA en honor a la trayectoria del capit\u00e1n antes del inicio de los compromisos.<\/p>\n\n\n\n<h2 class=\"wp-block-heading\"><strong>El cierre de una era dorada<\/strong><\/h2>\n\n\n\n<p class=\"wp-block-paragraph\">La decisi\u00f3n se produce 48 horas despu\u00e9s de que el atacante concluyera un ciclo de 21 a\u00f1os vistiendo los colores de su pa\u00eds. Su etapa en la selecci\u00f3n absoluta deja un registro in\u00e9dito en la historia del deporte transandino y mundial, habi\u00e9ndose consolidado como el m\u00e1ximo goleador y el jugador con m\u00e1s presencias en la historia de la Albiceleste.<\/p>\n\n\n\n<p class=\"wp-block-paragraph\">El legado de Messi con el combinado nacional alcanza su punto m\u00e1s alto con la conquista de la Copa del Mundo de Catar 2022, logro precedido por la Copa Am\u00e9rica 2021 \u2014que rompi\u00f3 una sequ\u00eda de 28 a\u00f1os para el pa\u00eds\u2014, la Finalissima 2022 y el bicampeonato continental obtenido en la Copa Am\u00e9rica 2024. Estos trofeos se suman a sus \u00e9xitos juveniles, que incluyen el Mundial Sub-20 de 2005 y la medalla de oro en los Juegos Ol\u00edmpicos de Pek\u00edn 2008.<\/p>\n","protected":false},"excerpt":{"rendered":"<p>La AFA oficializ\u00f3 un emotivo tributo en todas sus categor\u00edas tras el anuncio del retiro del astro rosarino de la selecci\u00f3n albiceleste. El balompi\u00e9 argentino se prepara para vivir una jornada hist\u00f3rica. La Asociaci\u00f3n del F\u00fatbol Argentino (AFA) confirm\u00f3 este mi\u00e9rcoles un protocolo especial de homenaje a Lionel Messi, quien el pasado lunes formaliz\u00f3 el [&hellip;]<\/p>\n","protected":false},"author":9,"featured_media":15581,"comment_status":"closed","ping_status":"closed","sticky":false,"template":"","format":"standard","meta":{"footnotes":""},"categories":[36],"tags":[2146,47,2145,2144,166,2132,1483],"class_list":["post-15578","post","type-post","status-publish","format-standard","has-post-thumbnail","hentry","category-futbol-internacional","tag-afa","tag-antigua-esportiva","tag-futbol-argentino","tag-homenaje-a-messi","tag-lionel-messi","tag-seleccion-de-argentina-2","tag-sofia-melgar"],"_links":{"self":[{"href":"https:\/\/antiguaesportiva.com\/revista\/wp-json\/wp\/v2\/posts\/15578","targetHints":{"allow":["GET"]}}],"collection":[{"href":"https:\/\/antiguaesportiva.com\/revista\/wp-json\/wp\/v2\/posts"}],"about":[{"href":"https:\/\/antiguaesportiva.com\/revista\/wp-json\/wp\/v2\/types\/post"}],"author":[{"embeddable":true,"href":"https:\/\/antiguaesportiva.com\/revista\/wp-json\/wp\/v2\/users\/9"}],"replies":[{"embeddable":true,"href":"https:\/\/antiguaesportiva.com\/revista\/wp-json\/wp\/v2\/comments?post=15578"}],"version-history":[{"count":1,"href":"https:\/\/antiguaesportiva.com\/revista\/wp-json\/wp\/v2\/posts\/15578\/revisions"}],"predecessor-version":[{"id":15582,"href":"https:\/\/antiguaesportiva.com\/revista\/wp-json\/wp\/v2\/posts\/15578\/revisions\/15582"}],"wp:featuredmedia":[{"embeddable":true,"href":"https:\/\/antiguaesportiva.com\/revista\/wp-json\/wp\/v2\/media\/15581"}],"wp:attachment":[{"href":"https:\/\/antiguaesportiva.com\/revista\/wp-json\/wp\/v2\/media?parent=15578"}],"wp:term":[{"taxonomy":"category","embeddable":true,"href":"https:\/\/antiguaesportiva.com\/revista\/wp-json\/wp\/v2\/categories?post=15578"},{"taxonomy":"post_tag","embeddable":true,"href":"https:\/\/antiguaesportiva.com\/revista\/wp-json\/wp\/v2\/tags?post=15578"}],"curies":[{"name":"wp","href":"https:\/\/api.w.org\/{rel}","templated":true}]}}