{"id":15565,"date":"2026-09-04T15:03:53","date_gmt":"2026-09-04T21:03:53","guid":{"rendered":"https:\/\/antiguaesportiva.com\/revista\/?p=15565"},"modified":"2026-09-04T15:03:54","modified_gmt":"2026-09-04T21:03:54","slug":"el-futuro-de-amarini-esta-en-comunicaciones","status":"publish","type":"post","link":"https:\/\/antiguaesportiva.com\/revista\/2026\/09\/04\/el-futuro-de-amarini-esta-en-comunicaciones\/","title":{"rendered":"\u00bfEl futuro de Amarini est\u00e1 en Comunicaciones?"},"content":{"rendered":"\n<p class=\"has-black-color has-text-color has-link-color wp-elements-1 wp-block-paragraph\">&#8220;No va a pasar nada&#8221;: el presidente del Cartagin\u00e9s fren\u00f3 el inter\u00e9s de Comunicaciones y confirm\u00f3 la permanencia de Amarini Villatoro.<\/p>\n\n\n\n<p class=\"has-black-color has-text-color has-link-color wp-elements-2 wp-block-paragraph\">El estratega guatemalteco Amarini Villatoro continuar\u00e1 al frente del Club Sport Cartagin\u00e9s de Costa Rica, desestimando la propuesta formal presentada por Comunicaciones FC para asumir la direcci\u00f3n t\u00e9cnica tras la salida del chileno Marco Antonio &#8216;El Fantasma&#8217; Figueroa. A pesar del inter\u00e9s manifestado por la dirigencia &#8216;Crema&#8217; para concretar su retorno al balompi\u00e9 nacional, el entorno del entrenador confirm\u00f3 que la prioridad actual se concentra estrictamente en el proyecto deportivo que lidera con la instituci\u00f3n costarricense.<\/p>\n\n\n\n<figure class=\"wp-block-image is-resized\"><a href=\"https:\/\/formacionsecretarial.edu.gt\/\"><img loading=\"lazy\" decoding=\"async\" width=\"723\" height=\"1024\" src=\"https:\/\/antiguaesportiva.com\/revista\/wp-content\/uploads\/2026\/07\/image-1-723x1024.png\" alt=\"\" class=\"wp-image-14655\" style=\"width:351px;height:auto\" srcset=\"https:\/\/antiguaesportiva.com\/revista\/wp-content\/uploads\/2026\/07\/image-1-723x1024.png 723w, https:\/\/antiguaesportiva.com\/revista\/wp-content\/uploads\/2026\/07\/image-1-212x300.png 212w, https:\/\/antiguaesportiva.com\/revista\/wp-content\/uploads\/2026\/07\/image-1-768x1087.png 768w, https:\/\/antiguaesportiva.com\/revista\/wp-content\/uploads\/2026\/07\/image-1-554x784.png 554w, https:\/\/antiguaesportiva.com\/revista\/wp-content\/uploads\/2026\/07\/image-1.png 1000w\" sizes=\"auto, (max-width: 723px) 100vw, 723px\" \/><\/a><\/figure>\n\n\n\n<p class=\"has-black-color has-text-color has-link-color wp-elements-3 wp-block-paragraph\">La postura del estratega responde al momento positivo que atraviesa el cuadro &#8216;Brumoso&#8217; en la presente campa\u00f1a. Bajo la gesti\u00f3n de Villatoro, el Cartagin\u00e9s marcha en el liderato del torneo local tico y mantiene su competencia en la fase de Cuartos de Final de la Copa Centroamericana de la CONCACAF. Esta continuidad operativa resulta clave para las aspiraciones del club, que busca consolidar el rendimiento mostrado desde la llegada del t\u00e9cnico nacional a principios del presente a\u00f1o.<\/p>\n\n\n\n<p class=\"has-black-color has-text-color has-link-color wp-elements-4 wp-block-paragraph\">Ante la especulaci\u00f3n generada en ambos pa\u00edses, la directiva del conjunto tico intervino para aclarar la situaci\u00f3n contractual del entrenador. Leonardo Vargas, presidente de la entidad costarricense, abord\u00f3 p\u00fablicamente el tema para certificar la permanencia del estratega guatemalteco al frente del plantel principal.<\/p>\n\n\n\n<blockquote class=\"wp-block-quote is-layout-flow wp-block-quote-is-layout-flow\">\n<p class=\"has-black-color has-text-color has-link-color wp-elements-5 wp-block-paragraph\">&#8220;S\u00e9 lo del Comunicaciones. Nosotros inmediatamente nos pusimos en contacto con Villatoro, pero todo est\u00e1 tranquilo, no va a pasar nada. \u00c9l tiene su contrato y hemos cumplido todo. Amarini es una gran persona, entonces todo seguir\u00e1 bien&#8221;, declar\u00f3 Vargas.<\/p>\n<\/blockquote>\n\n\n\n<p class=\"has-black-color has-text-color has-link-color wp-elements-6 wp-block-paragraph\">El respaldo dirigencial consolida un proceso que inici\u00f3 a comienzos de a\u00f1o y que r\u00e1pidamente entreg\u00f3 dividendos deportivos. Durante su certamen de debut en el f\u00fatbol costarricense, Villatoro dirigi\u00f3 al Cartagin\u00e9s hasta la instancia de semifinales, estableciendo las bases t\u00e1cticas del equipo que en la presente temporada aspira a superar los registros alcanzados en su primer ciclo.<\/p>\n\n\n\n<p class=\"has-black-color has-text-color has-link-color wp-elements-7 wp-block-paragraph\">Con la ratificaci\u00f3n del compromiso entre ambas partes, Comunicaciones deber\u00e1 reorientar la b\u00fasqueda de su nuevo director t\u00e9cnico en el mercado internacional o local. Por su parte, Villatoro mantendr\u00e1 el enfoque en el calendario oficial del Cartagin\u00e9s, donde afrontar\u00e1 de manera simult\u00e1nea la defensa del liderato en la liga costarricense y la recta decisiva del torneo regional de la CONCACAF. <\/p>\n","protected":false},"excerpt":{"rendered":"<p>&#8220;No va a pasar nada&#8221;: el presidente del Cartagin\u00e9s fren\u00f3 el inter\u00e9s de Comunicaciones y confirm\u00f3 la permanencia de Amarini Villatoro. El estratega guatemalteco Amarini Villatoro continuar\u00e1 al frente del Club Sport Cartagin\u00e9s de Costa Rica, desestimando la propuesta formal presentada por Comunicaciones FC para asumir la direcci\u00f3n t\u00e9cnica tras la salida del chileno Marco [&hellip;]<\/p>\n","protected":false},"author":5,"featured_media":15427,"comment_status":"closed","ping_status":"closed","sticky":false,"template":"","format":"standard","meta":{"footnotes":""},"categories":[36],"tags":[194,47,1802,260,191,48,49,55,1794],"class_list":["post-15565","post","type-post","status-publish","format-standard","has-post-thumbnail","hentry","category-futbol-internacional","tag-amarini-villatoro","tag-antigua-esportiva","tag-apertura-2026","tag-costa-rica","tag-cs-cartagines","tag-kenny-rodas","tag-kenny-sports","tag-liga-nacional-de-futbol-de-guatemala","tag-torneo-apertura-2026"],"_links":{"self":[{"href":"https:\/\/antiguaesportiva.com\/revista\/wp-json\/wp\/v2\/posts\/15565","targetHints":{"allow":["GET"]}}],"collection":[{"href":"https:\/\/antiguaesportiva.com\/revista\/wp-json\/wp\/v2\/posts"}],"about":[{"href":"https:\/\/antiguaesportiva.com\/revista\/wp-json\/wp\/v2\/types\/post"}],"author":[{"embeddable":true,"href":"https:\/\/antiguaesportiva.com\/revista\/wp-json\/wp\/v2\/users\/5"}],"replies":[{"embeddable":true,"href":"https:\/\/antiguaesportiva.com\/revista\/wp-json\/wp\/v2\/comments?post=15565"}],"version-history":[{"count":1,"href":"https:\/\/antiguaesportiva.com\/revista\/wp-json\/wp\/v2\/posts\/15565\/revisions"}],"predecessor-version":[{"id":15573,"href":"https:\/\/antiguaesportiva.com\/revista\/wp-json\/wp\/v2\/posts\/15565\/revisions\/15573"}],"wp:featuredmedia":[{"embeddable":true,"href":"https:\/\/antiguaesportiva.com\/revista\/wp-json\/wp\/v2\/media\/15427"}],"wp:attachment":[{"href":"https:\/\/antiguaesportiva.com\/revista\/wp-json\/wp\/v2\/media?parent=15565"}],"wp:term":[{"taxonomy":"category","embeddable":true,"href":"https:\/\/antiguaesportiva.com\/revista\/wp-json\/wp\/v2\/categories?post=15565"},{"taxonomy":"post_tag","embeddable":true,"href":"https:\/\/antiguaesportiva.com\/revista\/wp-json\/wp\/v2\/tags?post=15565"}],"curies":[{"name":"wp","href":"https:\/\/api.w.org\/{rel}","templated":true}]}}