{"id":15563,"date":"2026-09-03T21:57:38","date_gmt":"2026-09-04T03:57:38","guid":{"rendered":"https:\/\/antiguaesportiva.com\/revista\/?p=15563"},"modified":"2026-09-03T21:57:39","modified_gmt":"2026-09-04T03:57:39","slug":"dos-regresos-que-tranquilizan-a-antigua","status":"publish","type":"post","link":"https:\/\/antiguaesportiva.com\/revista\/2026\/09\/03\/dos-regresos-que-tranquilizan-a-antigua\/","title":{"rendered":"Dos regresos que tranquilizan a Antigua"},"content":{"rendered":"\n<p class=\"has-black-color has-text-color has-link-color wp-elements-1 wp-block-paragraph\">Dos elementos reciben el alta m\u00e9dica y quedan a disposici\u00f3n de Antigua GFC para medir fuerzas ante Aurora FC.<\/p>\n\n\n\n<p class=\"has-black-color has-text-color has-link-color wp-elements-2 wp-block-paragraph\">Antigua GFC afina detalles para la s\u00e9ptima jornada del Torneo Apertura 2026 con un panorama m\u00e9dico favorable. Tras superar un periodo de inactividad por complicaciones musculares, el extremo derecho William Jeh\u00fa Fajardo complet\u00f3 con \u00e9xito su proceso de readaptaci\u00f3n f\u00edsica y se encuentra habilitado para volver a las canchas. La recuperaci\u00f3n del atacante representa una variante t\u00e1ctica clave para el planteamiento del cuerpo t\u00e9cnico de cara al pr\u00f3ximo compromiso liguero.<\/p>\n\n\n\n<figure class=\"wp-block-image size-large\"><img loading=\"lazy\" decoding=\"async\" width=\"1024\" height=\"682\" src=\"https:\/\/antiguaesportiva.com\/revista\/wp-content\/uploads\/2026\/08\/WhatsApp-Image-2026-08-24-at-2.51.16-PM-1024x682.jpeg\" alt=\"\" class=\"wp-image-15332\" srcset=\"https:\/\/antiguaesportiva.com\/revista\/wp-content\/uploads\/2026\/08\/WhatsApp-Image-2026-08-24-at-2.51.16-PM-1024x682.jpeg 1024w, https:\/\/antiguaesportiva.com\/revista\/wp-content\/uploads\/2026\/08\/WhatsApp-Image-2026-08-24-at-2.51.16-PM-300x200.jpeg 300w, https:\/\/antiguaesportiva.com\/revista\/wp-content\/uploads\/2026\/08\/WhatsApp-Image-2026-08-24-at-2.51.16-PM-768x512.jpeg 768w, https:\/\/antiguaesportiva.com\/revista\/wp-content\/uploads\/2026\/08\/WhatsApp-Image-2026-08-24-at-2.51.16-PM-554x369.jpeg 554w, https:\/\/antiguaesportiva.com\/revista\/wp-content\/uploads\/2026\/08\/WhatsApp-Image-2026-08-24-at-2.51.16-PM.jpeg 1280w\" sizes=\"auto, (max-width: 1024px) 100vw, 1024px\" \/><\/figure>\n\n\n\n<figure class=\"wp-block-image is-resized\"><a href=\"https:\/\/formacionsecretarial.edu.gt\/\"><img loading=\"lazy\" decoding=\"async\" width=\"723\" height=\"1024\" src=\"https:\/\/antiguaesportiva.com\/revista\/wp-content\/uploads\/2026\/07\/image-1-723x1024.png\" alt=\"\" class=\"wp-image-14655\" style=\"width:328px;height:auto\" srcset=\"https:\/\/antiguaesportiva.com\/revista\/wp-content\/uploads\/2026\/07\/image-1-723x1024.png 723w, https:\/\/antiguaesportiva.com\/revista\/wp-content\/uploads\/2026\/07\/image-1-212x300.png 212w, https:\/\/antiguaesportiva.com\/revista\/wp-content\/uploads\/2026\/07\/image-1-768x1087.png 768w, https:\/\/antiguaesportiva.com\/revista\/wp-content\/uploads\/2026\/07\/image-1-554x784.png 554w, https:\/\/antiguaesportiva.com\/revista\/wp-content\/uploads\/2026\/07\/image-1.png 1000w\" sizes=\"auto, (max-width: 723px) 100vw, 723px\" \/><\/a><\/figure>\n\n\n\n<p class=\"has-black-color has-text-color has-link-color wp-elements-3 wp-block-paragraph\">El futbolista guatemalteco, una de las incorporaciones del plantel colonial para el presente certamen, permaneci\u00f3 al margen de las \u00faltimas convocatorias debido a los problemas f\u00edsicos que aquejaba. Su ausencia rest\u00f3 profundidad y desborde por la banda derecha en el esquema del director t\u00e9cnico Mauricio Tapia, por lo que su reincorporaci\u00f3n al grupo ofrece mayor peso ofensivo en un momento estrat\u00e9gico del torneo.<\/p>\n\n\n\n<p class=\"has-black-color has-text-color has-link-color wp-elements-4 wp-block-paragraph\">A la alta m\u00e9dica de Fajardo se suma el retorno del guardameta Luis Mor\u00e1n, quien tambi\u00e9n super\u00f3 sus respectivas molestias f\u00edsicas durante el transcurso de la semana. Con la habilitaci\u00f3n de ambos elementos, el estratega argentino recupera piezas fundamentales en la estructura del equipo y dispondr\u00e1 de la totalidad de sus efectivos para confeccionar el cuadro titular y la n\u00f3mina de suplentes.<\/p>\n\n\n\n<figure class=\"wp-block-image size-full\"><img loading=\"lazy\" decoding=\"async\" width=\"960\" height=\"640\" src=\"https:\/\/antiguaesportiva.com\/revista\/wp-content\/uploads\/2025\/05\/moraninterescremas.jpg\" alt=\"\" class=\"wp-image-7476\" srcset=\"https:\/\/antiguaesportiva.com\/revista\/wp-content\/uploads\/2025\/05\/moraninterescremas.jpg 960w, https:\/\/antiguaesportiva.com\/revista\/wp-content\/uploads\/2025\/05\/moraninterescremas-300x200.jpg 300w, https:\/\/antiguaesportiva.com\/revista\/wp-content\/uploads\/2025\/05\/moraninterescremas-768x512.jpg 768w, https:\/\/antiguaesportiva.com\/revista\/wp-content\/uploads\/2025\/05\/moraninterescremas-554x369.jpg 554w\" sizes=\"auto, (max-width: 960px) 100vw, 960px\" \/><\/figure>\n\n\n\n<p class=\"has-black-color has-text-color has-link-color wp-elements-5 wp-block-paragraph\">El cuadro de la ciudad colonial recibir\u00e1 este fin de semana a Aurora FC en el Estadio Pensativo, a partir de las 19:00 horas, en el encuentro que marcar\u00e1 el inicio de la jornada 7. La instituci\u00f3n verde y blanca buscar\u00e1 aprovechar la local\u00eda y el retorno de sus futbolistas estelares para sumar tres puntos decisivos que les permitan escalar posiciones en la tabla de clasificaci\u00f3n.<\/p>\n\n\n\n<p class=\"has-black-color has-text-color has-link-color wp-elements-6 wp-block-paragraph\">El duelo frente al conjunto aurinegro representar\u00e1 una prueba de fuego para medir el ritmo competitivo de los jugadores reci\u00e9n recuperados, en una fecha donde la efectividad en el \u00e1rea rival y la solidez defensiva resultar\u00e1n determinantes para las aspiraciones del proyecto colonial.<\/p>\n","protected":false},"excerpt":{"rendered":"<p>Dos elementos reciben el alta m\u00e9dica y quedan a disposici\u00f3n de Antigua GFC para medir fuerzas ante Aurora FC. Antigua GFC afina detalles para la s\u00e9ptima jornada del Torneo Apertura 2026 con un panorama m\u00e9dico favorable. Tras superar un periodo de inactividad por complicaciones musculares, el extremo derecho William Jeh\u00fa Fajardo complet\u00f3 con \u00e9xito su [&hellip;]<\/p>\n","protected":false},"author":5,"featured_media":14957,"comment_status":"closed","ping_status":"closed","sticky":false,"template":"","format":"standard","meta":{"footnotes":""},"categories":[29,31],"tags":[47,45,1802,313,1850,49,56,55,497,1794],"class_list":["post-15563","post","type-post","status-publish","format-standard","has-post-thumbnail","hentry","category-antigua-gfc","category-liga-nacional","tag-antigua-esportiva","tag-antigua-gfc","tag-apertura-2026","tag-aurora-fc","tag-jehu-fajardo","tag-kenny-sports","tag-liga-nacional","tag-liga-nacional-de-futbol-de-guatemala","tag-luis-moran","tag-torneo-apertura-2026"],"_links":{"self":[{"href":"https:\/\/antiguaesportiva.com\/revista\/wp-json\/wp\/v2\/posts\/15563","targetHints":{"allow":["GET"]}}],"collection":[{"href":"https:\/\/antiguaesportiva.com\/revista\/wp-json\/wp\/v2\/posts"}],"about":[{"href":"https:\/\/antiguaesportiva.com\/revista\/wp-json\/wp\/v2\/types\/post"}],"author":[{"embeddable":true,"href":"https:\/\/antiguaesportiva.com\/revista\/wp-json\/wp\/v2\/users\/5"}],"replies":[{"embeddable":true,"href":"https:\/\/antiguaesportiva.com\/revista\/wp-json\/wp\/v2\/comments?post=15563"}],"version-history":[{"count":1,"href":"https:\/\/antiguaesportiva.com\/revista\/wp-json\/wp\/v2\/posts\/15563\/revisions"}],"predecessor-version":[{"id":15564,"href":"https:\/\/antiguaesportiva.com\/revista\/wp-json\/wp\/v2\/posts\/15563\/revisions\/15564"}],"wp:featuredmedia":[{"embeddable":true,"href":"https:\/\/antiguaesportiva.com\/revista\/wp-json\/wp\/v2\/media\/14957"}],"wp:attachment":[{"href":"https:\/\/antiguaesportiva.com\/revista\/wp-json\/wp\/v2\/media?parent=15563"}],"wp:term":[{"taxonomy":"category","embeddable":true,"href":"https:\/\/antiguaesportiva.com\/revista\/wp-json\/wp\/v2\/categories?post=15563"},{"taxonomy":"post_tag","embeddable":true,"href":"https:\/\/antiguaesportiva.com\/revista\/wp-json\/wp\/v2\/tags?post=15563"}],"curies":[{"name":"wp","href":"https:\/\/api.w.org\/{rel}","templated":true}]}}