{"id":15560,"date":"2026-09-03T21:36:55","date_gmt":"2026-09-04T03:36:55","guid":{"rendered":"https:\/\/antiguaesportiva.com\/revista\/?p=15560"},"modified":"2026-09-03T21:36:57","modified_gmt":"2026-09-04T03:36:57","slug":"gran-momento-de-rubio-rubin-en-la-usl","status":"publish","type":"post","link":"https:\/\/antiguaesportiva.com\/revista\/2026\/09\/03\/gran-momento-de-rubio-rubin-en-la-usl\/","title":{"rendered":"Gran momento de Rubio Rub\u00edn en la USL"},"content":{"rendered":"\n<p class=\"has-black-color has-text-color has-link-color wp-elements-1 wp-block-paragraph\">Rubio M\u00e9ndez Rub\u00edn afianza su gran momento en la USL y perfila su retorno a la Selecci\u00f3n de Guatemala<\/p>\n\n\n\n<p class=\"has-black-color has-text-color has-link-color wp-elements-2 wp-block-paragraph\">El delantero Rubio M\u00e9ndez Rub\u00edn atraviesa uno de los momentos m\u00e1s dulces de su carrera profesional en Estados Unidos. Sus destacadas actuaciones con El Paso Locomotive FC lo han consolidado como la figura indiscutible de su club en la United Soccer League (USL), una regularidad que, adem\u00e1s de rendir frutos a nivel institucional, vuelve a colocar su nombre en el radar prioritario de la Selecci\u00f3n Nacional de Guatemala.<\/p>\n\n\n\n<figure class=\"wp-block-image is-resized\"><a href=\"https:\/\/formacionsecretarial.edu.gt\/\"><img loading=\"lazy\" decoding=\"async\" width=\"723\" height=\"1024\" src=\"https:\/\/antiguaesportiva.com\/revista\/wp-content\/uploads\/2026\/07\/image-1-723x1024.png\" alt=\"\" class=\"wp-image-14655\" style=\"width:289px;height:auto\" srcset=\"https:\/\/antiguaesportiva.com\/revista\/wp-content\/uploads\/2026\/07\/image-1-723x1024.png 723w, https:\/\/antiguaesportiva.com\/revista\/wp-content\/uploads\/2026\/07\/image-1-212x300.png 212w, https:\/\/antiguaesportiva.com\/revista\/wp-content\/uploads\/2026\/07\/image-1-768x1087.png 768w, https:\/\/antiguaesportiva.com\/revista\/wp-content\/uploads\/2026\/07\/image-1-554x784.png 554w, https:\/\/antiguaesportiva.com\/revista\/wp-content\/uploads\/2026\/07\/image-1.png 1000w\" sizes=\"auto, (max-width: 723px) 100vw, 723px\" \/><\/a><\/figure>\n\n\n\n<p class=\"has-black-color has-text-color has-link-color wp-elements-3 wp-block-paragraph\">El impacto del atacante qued\u00f3 certificado recientemente al ser distinguido como el Futbolista de la Semana de la liga. Este reconocimiento lleg\u00f3 tras una actuaci\u00f3n memorable el pasado fin de semana, en la que firm\u00f3 un triplete frente a Loudoun United. La exhibici\u00f3n no solo ratific\u00f3 su idoneidad en el \u00e1rea rival, sino que reconfirm\u00f3 el rol protag\u00f3nico que ejerce en el esquema ofensivo de su escuadra.<\/p>\n\n\n\n<p class=\"has-black-color has-text-color has-link-color wp-elements-4 wp-block-paragraph\">Las cifras respaldan de manera contundente la actualidad del artillero en el balompi\u00e9 estadounidense. Con sus tres recientes anotaciones, Rub\u00edn alcanz\u00f3 los 13 goles en la presente temporada de la USL. Si a esta cuota goleadora se le suman las cuatro asistencias que ha repartido hasta la fecha, el guatemalteco registra un total de 17 participaciones directas en gol, m\u00e9trica que lo sit\u00faa entre los atacantes m\u00e1s influyentes del certamen.<\/p>\n\n\n\n<p class=\"has-black-color has-text-color has-link-color wp-elements-5 wp-block-paragraph\">En el plano internacional, la trayectoria de Rub\u00edn con la camisola &#8220;azul y blanco&#8221; se vio pausada tras la Fecha FIFA de noviembre de 2025, momento en que el combinado nacional concluy\u00f3 su camino sin opciones de clasificar a la Copa del Mundo de 2026. A pesar de haber quedado al margen de la convocatoria en la ventana de marzo, la continuidad y efectividad que exhibe semana a semana le devuelven argumentos s\u00f3lidos para exigir un espacio en la n\u00f3mina t\u00e9cnica.<\/p>\n\n\n\n<p class=\"has-black-color has-text-color has-link-color wp-elements-6 wp-block-paragraph\">El panorama se torna favorable para su eventual regreso de cara a los compromisos de la Liga de Naciones de la Concacaf pactados para septiembre. La vacante generada en el frente de ataque tras la baja por lesi\u00f3n de Darwin Lom, sumada al rendimiento superlativo que atraviesa Rub\u00edn, le abre una oportunidad id\u00f3nea para asumir nuevamente la responsabilidad del gol en el equipo patrio.<\/p>\n","protected":false},"excerpt":{"rendered":"<p>Rubio M\u00e9ndez Rub\u00edn afianza su gran momento en la USL y perfila su retorno a la Selecci\u00f3n de Guatemala El delantero Rubio M\u00e9ndez Rub\u00edn atraviesa uno de los momentos m\u00e1s dulces de su carrera profesional en Estados Unidos. Sus destacadas actuaciones con El Paso Locomotive FC lo han consolidado como la figura indiscutible de su [&hellip;]<\/p>\n","protected":false},"author":5,"featured_media":15561,"comment_status":"closed","ping_status":"closed","sticky":false,"template":"","format":"standard","meta":{"footnotes":""},"categories":[35],"tags":[47,2139,291,48,49,287,455,290,595],"class_list":["post-15560","post","type-post","status-publish","format-standard","has-post-thumbnail","hentry","category-seleccion-nacional","tag-antigua-esportiva","tag-el-paso-lokomotive-fc","tag-guatemala","tag-kenny-rodas","tag-kenny-sports","tag-rubio-rubin","tag-seleccion-de-guatemala","tag-seleccion-nacional-de-guatemala","tag-usl-championship"],"_links":{"self":[{"href":"https:\/\/antiguaesportiva.com\/revista\/wp-json\/wp\/v2\/posts\/15560","targetHints":{"allow":["GET"]}}],"collection":[{"href":"https:\/\/antiguaesportiva.com\/revista\/wp-json\/wp\/v2\/posts"}],"about":[{"href":"https:\/\/antiguaesportiva.com\/revista\/wp-json\/wp\/v2\/types\/post"}],"author":[{"embeddable":true,"href":"https:\/\/antiguaesportiva.com\/revista\/wp-json\/wp\/v2\/users\/5"}],"replies":[{"embeddable":true,"href":"https:\/\/antiguaesportiva.com\/revista\/wp-json\/wp\/v2\/comments?post=15560"}],"version-history":[{"count":1,"href":"https:\/\/antiguaesportiva.com\/revista\/wp-json\/wp\/v2\/posts\/15560\/revisions"}],"predecessor-version":[{"id":15562,"href":"https:\/\/antiguaesportiva.com\/revista\/wp-json\/wp\/v2\/posts\/15560\/revisions\/15562"}],"wp:featuredmedia":[{"embeddable":true,"href":"https:\/\/antiguaesportiva.com\/revista\/wp-json\/wp\/v2\/media\/15561"}],"wp:attachment":[{"href":"https:\/\/antiguaesportiva.com\/revista\/wp-json\/wp\/v2\/media?parent=15560"}],"wp:term":[{"taxonomy":"category","embeddable":true,"href":"https:\/\/antiguaesportiva.com\/revista\/wp-json\/wp\/v2\/categories?post=15560"},{"taxonomy":"post_tag","embeddable":true,"href":"https:\/\/antiguaesportiva.com\/revista\/wp-json\/wp\/v2\/tags?post=15560"}],"curies":[{"name":"wp","href":"https:\/\/api.w.org\/{rel}","templated":true}]}}