{"id":15553,"date":"2026-09-03T21:05:16","date_gmt":"2026-09-04T03:05:16","guid":{"rendered":"https:\/\/antiguaesportiva.com\/revista\/?p=15553"},"modified":"2026-09-03T21:05:17","modified_gmt":"2026-09-04T03:05:17","slug":"fantasma-figueroa-recala-en-real-esteli","status":"publish","type":"post","link":"https:\/\/antiguaesportiva.com\/revista\/2026\/09\/03\/fantasma-figueroa-recala-en-real-esteli\/","title":{"rendered":"&#8216;Fantasma&#8217; Figueroa recala en Real Estel\u00ed"},"content":{"rendered":"\n<p class=\"has-black-color has-text-color has-link-color wp-elements-1 wp-block-paragraph\">Luego de su lamentable paso por Comunicaciones, el t\u00e9cnico chileno tendr\u00e1 una nuevo oportunidad en el f\u00fatbol centroamericano: Real Estel\u00ed. <\/p>\n\n\n\n<p class=\"has-black-color has-text-color has-link-color wp-elements-2 wp-block-paragraph\">El estratega chileno Marco Antonio Figueroa dio un giro inmediato a su carrera profesional al concretar su vinculaci\u00f3n con el Real Estel\u00ed de Nicaragua. La contrataci\u00f3n se consum\u00f3 a tan solo unos d\u00edas de haber formalizado su desvinculaci\u00f3n de Comunicaciones FC, instituci\u00f3n guatemalteca donde su proyecto finaliz\u00f3 de manera prematura a causa de la falta de resultados positivos en el certamen local.<\/p>\n\n\n\n<p class=\"has-black-color has-text-color has-link-color wp-elements-3 wp-block-paragraph\">El retorno del t\u00e9cnico sudamericano al balompi\u00e9 nicarag\u00fcense genera altas expectativas en el entorno deportivo de ese pa\u00eds. Su figura cuenta con un amplio reconocimiento en el medio local, cimentado principalmente por la gesti\u00f3n que encabez\u00f3 previamente al frente de la Selecci\u00f3n Nacional de Nicaragua, antecedente que facilit\u00f3 la celeridad de las negociaciones con la directiva del conjunto norte\u00f1o.<\/p>\n\n\n\n<figure class=\"wp-block-image is-resized\"><a href=\"https:\/\/formacionsecretarial.edu.gt\/\"><img loading=\"lazy\" decoding=\"async\" width=\"723\" height=\"1024\" src=\"https:\/\/antiguaesportiva.com\/revista\/wp-content\/uploads\/2026\/07\/image-1-723x1024.png\" alt=\"\" class=\"wp-image-14655\" style=\"aspect-ratio:0.7060777413104512;width:306px;height:auto\" srcset=\"https:\/\/antiguaesportiva.com\/revista\/wp-content\/uploads\/2026\/07\/image-1-723x1024.png 723w, https:\/\/antiguaesportiva.com\/revista\/wp-content\/uploads\/2026\/07\/image-1-212x300.png 212w, https:\/\/antiguaesportiva.com\/revista\/wp-content\/uploads\/2026\/07\/image-1-768x1087.png 768w, https:\/\/antiguaesportiva.com\/revista\/wp-content\/uploads\/2026\/07\/image-1-554x784.png 554w, https:\/\/antiguaesportiva.com\/revista\/wp-content\/uploads\/2026\/07\/image-1.png 1000w\" sizes=\"auto, (max-width: 723px) 100vw, 723px\" \/><\/a><\/figure>\n\n\n\n<p class=\"has-black-color has-text-color has-link-color wp-elements-4 wp-block-paragraph\">Esta r\u00e1pida incorporaci\u00f3n al banquillo del Real Estel\u00ed le permite al entrenador amortiguar el impacto deportivo tras su paso por el f\u00fatbol guatemalteco. Su etapa al mando del cuadro crema concluy\u00f3 al dejar al equipo relegado en la novena posici\u00f3n de la tabla general con apenas siete puntos cosechados, una cosecha distante de los objetivos trazados al inicio del torneo.<\/p>\n\n\n\n<p class=\"has-black-color has-text-color has-link-color wp-elements-5 wp-block-paragraph\">La agilidad con la que se concret\u00f3 su llegada a territorio nicarag\u00fcense contrasta de forma directa con el desempe\u00f1o mostrado durante su ciclo en la instituci\u00f3n guatemalteca. El paso de Figueroa por la escuadra &#8216;Alba&#8217; estuvo marcado por la irregularidad colectiva, un funcionamiento futbol\u00edstico severamente cuestionado por la afici\u00f3n y la falta de consistencia para rentabilizar una de las plantillas de mayor exigencia en el pa\u00eds.<\/p>\n\n\n\n<p class=\"has-black-color has-text-color has-link-color wp-elements-6 wp-block-paragraph\">Con este nuevo desaf\u00edo en la liga nicarag\u00fcense, el entrenador buscar\u00e1 reestructurar su presente profesional y dejar atr\u00e1s los cuestionamientos derivados de su reciente etapa en Comunicaciones. Su objetivo inmediato con el Real Estel\u00ed ser\u00e1 consolidar un modelo competitivo que le permita pelear por los primeros puestos del torneo local y revalidar el cr\u00e9dito deportivo alcanzado en su anterior paso por dicha naci\u00f3n.<\/p>\n","protected":false},"excerpt":{"rendered":"<p>Luego de su lamentable paso por Comunicaciones, el t\u00e9cnico chileno tendr\u00e1 una nuevo oportunidad en el f\u00fatbol centroamericano: Real Estel\u00ed. El estratega chileno Marco Antonio Figueroa dio un giro inmediato a su carrera profesional al concretar su vinculaci\u00f3n con el Real Estel\u00ed de Nicaragua. La contrataci\u00f3n se consum\u00f3 a tan solo unos d\u00edas de haber [&hellip;]<\/p>\n","protected":false},"author":5,"featured_media":15556,"comment_status":"closed","ping_status":"closed","sticky":false,"template":"","format":"standard","meta":{"footnotes":""},"categories":[31],"tags":[47,1802,1665,48,49,56,55,1437,212,1794],"class_list":["post-15553","post","type-post","status-publish","format-standard","has-post-thumbnail","hentry","category-liga-nacional","tag-antigua-esportiva","tag-apertura-2026","tag-fantasma-figueroa","tag-kenny-rodas","tag-kenny-sports","tag-liga-nacional","tag-liga-nacional-de-futbol-de-guatemala","tag-marco-antonio-figueroa","tag-real-esteli","tag-torneo-apertura-2026"],"_links":{"self":[{"href":"https:\/\/antiguaesportiva.com\/revista\/wp-json\/wp\/v2\/posts\/15553","targetHints":{"allow":["GET"]}}],"collection":[{"href":"https:\/\/antiguaesportiva.com\/revista\/wp-json\/wp\/v2\/posts"}],"about":[{"href":"https:\/\/antiguaesportiva.com\/revista\/wp-json\/wp\/v2\/types\/post"}],"author":[{"embeddable":true,"href":"https:\/\/antiguaesportiva.com\/revista\/wp-json\/wp\/v2\/users\/5"}],"replies":[{"embeddable":true,"href":"https:\/\/antiguaesportiva.com\/revista\/wp-json\/wp\/v2\/comments?post=15553"}],"version-history":[{"count":1,"href":"https:\/\/antiguaesportiva.com\/revista\/wp-json\/wp\/v2\/posts\/15553\/revisions"}],"predecessor-version":[{"id":15558,"href":"https:\/\/antiguaesportiva.com\/revista\/wp-json\/wp\/v2\/posts\/15553\/revisions\/15558"}],"wp:featuredmedia":[{"embeddable":true,"href":"https:\/\/antiguaesportiva.com\/revista\/wp-json\/wp\/v2\/media\/15556"}],"wp:attachment":[{"href":"https:\/\/antiguaesportiva.com\/revista\/wp-json\/wp\/v2\/media?parent=15553"}],"wp:term":[{"taxonomy":"category","embeddable":true,"href":"https:\/\/antiguaesportiva.com\/revista\/wp-json\/wp\/v2\/categories?post=15553"},{"taxonomy":"post_tag","embeddable":true,"href":"https:\/\/antiguaesportiva.com\/revista\/wp-json\/wp\/v2\/tags?post=15553"}],"curies":[{"name":"wp","href":"https:\/\/api.w.org\/{rel}","templated":true}]}}