{"id":15552,"date":"2026-09-03T21:05:14","date_gmt":"2026-09-04T03:05:14","guid":{"rendered":"https:\/\/antiguaesportiva.com\/revista\/?p=15552"},"modified":"2026-09-03T21:05:15","modified_gmt":"2026-09-04T03:05:15","slug":"mourinho-todos-sabemos-lo-que-messi-significa","status":"publish","type":"post","link":"https:\/\/antiguaesportiva.com\/revista\/2026\/09\/03\/mourinho-todos-sabemos-lo-que-messi-significa\/","title":{"rendered":"Mourinho: &#8220;Todos sabemos lo que Messi significa&#8221;."},"content":{"rendered":"\n<p class=\"has-black-color has-text-color has-link-color wp-elements-1 wp-block-paragraph\">\u00a0El t\u00e9cnico del Real Madrid destac\u00f3 la fabulosa carrera internacional del astro argentino, asegurando que es de esos jugadores que el planeta f\u00fatbol extra\u00f1ara toda la vida.<\/p>\n\n\n\n<p class=\"has-black-color has-text-color has-link-color wp-elements-2 wp-block-paragraph\">El panorama futbol\u00edstico internacional contin\u00faa procesando el impacto del anuncio que confirm\u00f3 la salida definitiva de Lionel Messi de la Selecci\u00f3n Argentina. En una reciente comparecencia ante los medios de comunicaci\u00f3n, el director t\u00e9cnico del Real Madrid, Jos\u00e9 Mourinho, abord\u00f3 el tema a solicitud de la prensa, dejando reflexiones de fondo sobre la dimensi\u00f3n y el legado del capit\u00e1n pampeano, quien toc\u00f3 la cima mundial en Catar 2022.<sup><\/sup><\/p>\n\n\n\n<figure class=\"wp-block-image is-resized\"><a href=\"https:\/\/formacionsecretarial.edu.gt\/\"><img loading=\"lazy\" decoding=\"async\" width=\"723\" height=\"1024\" src=\"https:\/\/antiguaesportiva.com\/revista\/wp-content\/uploads\/2026\/07\/image-1-723x1024.png\" alt=\"\" class=\"wp-image-14655\" style=\"aspect-ratio:0.7060777413104512;width:306px;height:auto\" srcset=\"https:\/\/antiguaesportiva.com\/revista\/wp-content\/uploads\/2026\/07\/image-1-723x1024.png 723w, https:\/\/antiguaesportiva.com\/revista\/wp-content\/uploads\/2026\/07\/image-1-212x300.png 212w, https:\/\/antiguaesportiva.com\/revista\/wp-content\/uploads\/2026\/07\/image-1-768x1087.png 768w, https:\/\/antiguaesportiva.com\/revista\/wp-content\/uploads\/2026\/07\/image-1-554x784.png 554w, https:\/\/antiguaesportiva.com\/revista\/wp-content\/uploads\/2026\/07\/image-1.png 1000w\" sizes=\"auto, (max-width: 723px) 100vw, 723px\" \/><\/a><\/figure>\n\n\n\n<p class=\"has-black-color has-text-color has-link-color wp-elements-3 wp-block-paragraph\">Durante su intervenci\u00f3n, el estratega portugu\u00e9s matiz\u00f3 la dificultad conceptual que representa sintetizar la carrera del rosarino en t\u00e9rminos convencionales. Mourinho destac\u00f3 el rendimiento mostrado por el futbolista incluso en las etapas m\u00e1s maduras de su trayectoria profesional, situ\u00e1ndolo como un exponent<sup><\/sup>e clave que marc\u00f3 una \u00e9poca en el balompi\u00e9 global.<sup><\/sup><sup><\/sup><\/p>\n\n\n\n<blockquote class=\"wp-block-quote is-layout-flow wp-block-quote-is-layout-flow\">\n<p class=\"has-black-color has-text-color has-link-color wp-elements-4 wp-block-paragraph\">&#8220;Hablar de Messi es complicado. No hay mucho m\u00e1s que decir. Y no hay palabras que puedan describir su calidad como jugador. Lleg\u00f3 a este Mundial con 38 o 39 a\u00f1os y ha sido lo que hemos visto. Es de esos jugadores que vas a echar de menos. Tendremos que ver alg\u00fan partido de la MLS, que es una cosa que no me gusta mucho, para aprovechar estos \u00faltimos a\u00f1os. Es uno de esos que, como dec\u00eda en una rueda de prensa anterior, echas de menos siempre. Y este es uno de los de nuestra generaci\u00f3n&#8221;, declar\u00f3 Jos\u00e9 Mourinho en rueda de prensa.<\/p>\n<\/blockquote>\n\n\n\n<p class=\"has-black-color has-text-color has-link-color wp-elements-5 wp-block-paragraph\">El an\u00e1lisis del t\u00e9cnico de Set\u00fabal apunta tambi\u00e9n a los cambios inevitables en los h\u00e1bitos de consumo para los aficionados al f\u00fatbol de \u00e9lite. Con la permanencia del atacante en la liga de Estados Unidos, el seguimiento de sus \u00faltimos compases en las canchas exigir\u00e1 desplazar la atenci\u00f3n hacia un torneo con el que el entrenador admiti\u00f3 no tener un v\u00ednculo particular de inter\u00e9s habitual.<\/p>\n\n\n\n<p class=\"has-black-color has-text-color has-link-color wp-elements-6 wp-block-paragraph\">Finalmente, las palabras del preparador luso ratifican el alcance que tiene la figura del atacante argentino entre los nombres fundamentales del f\u00fatbol contempor\u00e1neo. El cierre de la etapa de Messi con la escuadra &#8216;Albiceleste&#8217; consolida una transici\u00f3n hist\u00f3rica dentro del deporte, reconocida de forma expl\u00edcita por una de las figuras t\u00e1cticas m\u00e1s influyentes de la misma era.<\/p>\n","protected":false},"excerpt":{"rendered":"<p>\u00a0El t\u00e9cnico del Real Madrid destac\u00f3 la fabulosa carrera internacional del astro argentino, asegurando que es de esos jugadores que el planeta f\u00fatbol extra\u00f1ara toda la vida. El panorama futbol\u00edstico internacional contin\u00faa procesando el impacto del anuncio que confirm\u00f3 la salida definitiva de Lionel Messi de la Selecci\u00f3n Argentina. En una reciente comparecencia ante los [&hellip;]<\/p>\n","protected":false},"author":5,"featured_media":15555,"comment_status":"closed","ping_status":"closed","sticky":false,"template":"","format":"standard","meta":{"footnotes":""},"categories":[36],"tags":[47,546,2138,259,1860,2104,48,49,166,1858,58],"class_list":["post-15552","post","type-post","status-publish","format-standard","has-post-thumbnail","hentry","category-futbol-internacional","tag-antigua-esportiva","tag-argentina","tag-futbol-2","tag-inter-miami","tag-jose-mourinho","tag-jose-mourinho-2","tag-kenny-rodas","tag-kenny-sports","tag-lionel-messi","tag-mourinho","tag-real-madrid"],"_links":{"self":[{"href":"https:\/\/antiguaesportiva.com\/revista\/wp-json\/wp\/v2\/posts\/15552","targetHints":{"allow":["GET"]}}],"collection":[{"href":"https:\/\/antiguaesportiva.com\/revista\/wp-json\/wp\/v2\/posts"}],"about":[{"href":"https:\/\/antiguaesportiva.com\/revista\/wp-json\/wp\/v2\/types\/post"}],"author":[{"embeddable":true,"href":"https:\/\/antiguaesportiva.com\/revista\/wp-json\/wp\/v2\/users\/5"}],"replies":[{"embeddable":true,"href":"https:\/\/antiguaesportiva.com\/revista\/wp-json\/wp\/v2\/comments?post=15552"}],"version-history":[{"count":1,"href":"https:\/\/antiguaesportiva.com\/revista\/wp-json\/wp\/v2\/posts\/15552\/revisions"}],"predecessor-version":[{"id":15557,"href":"https:\/\/antiguaesportiva.com\/revista\/wp-json\/wp\/v2\/posts\/15552\/revisions\/15557"}],"wp:featuredmedia":[{"embeddable":true,"href":"https:\/\/antiguaesportiva.com\/revista\/wp-json\/wp\/v2\/media\/15555"}],"wp:attachment":[{"href":"https:\/\/antiguaesportiva.com\/revista\/wp-json\/wp\/v2\/media?parent=15552"}],"wp:term":[{"taxonomy":"category","embeddable":true,"href":"https:\/\/antiguaesportiva.com\/revista\/wp-json\/wp\/v2\/categories?post=15552"},{"taxonomy":"post_tag","embeddable":true,"href":"https:\/\/antiguaesportiva.com\/revista\/wp-json\/wp\/v2\/tags?post=15552"}],"curies":[{"name":"wp","href":"https:\/\/api.w.org\/{rel}","templated":true}]}}