{"id":15549,"date":"2026-09-02T16:17:11","date_gmt":"2026-09-02T22:17:11","guid":{"rendered":"https:\/\/antiguaesportiva.com\/revista\/?p=15549"},"modified":"2026-09-02T16:17:12","modified_gmt":"2026-09-02T22:17:12","slug":"xelaju-mc-afina-la-estrategia-para-visitar-a-deportivo-marquense","status":"publish","type":"post","link":"https:\/\/antiguaesportiva.com\/revista\/2026\/09\/02\/xelaju-mc-afina-la-estrategia-para-visitar-a-deportivo-marquense\/","title":{"rendered":"Xelaj\u00fa MC afina la estrategia para visitar a Deportivo Marquense"},"content":{"rendered":"\n<h3 class=\"wp-block-heading\">El cuadro altense intensifica su preparaci\u00f3n para encarar el choque del pr\u00f3ximo s\u00e1bado en San Marcos por la jornada 7 del Apertura 2026.<\/h3>\n\n\n\n<p class=\"wp-block-paragraph\">El plantel principal de Xelaj\u00fa MC mantiene el ritmo de trabajo bajo las \u00f3rdenes de su cuerpo t\u00e9cnico con miras a su siguiente compromiso en la Liga Nacional. El conjunto de los \u00abSuperchivos\u00bb ultima detalles t\u00e1cticos para medirse este s\u00e1bado 5 de septiembre a Deportivo Marquense en el Estadio Marquesa de la Ensenada.<\/p>\n\n\n\n<figure class=\"wp-block-image size-large\"><img loading=\"lazy\" decoding=\"async\" width=\"723\" height=\"1024\" src=\"https:\/\/antiguaesportiva.com\/revista\/wp-content\/uploads\/2026\/08\/Ifs-carreras-27-723x1024.jpg\" alt=\"\" class=\"wp-image-15346\" srcset=\"https:\/\/antiguaesportiva.com\/revista\/wp-content\/uploads\/2026\/08\/Ifs-carreras-27-723x1024.jpg 723w, https:\/\/antiguaesportiva.com\/revista\/wp-content\/uploads\/2026\/08\/Ifs-carreras-27-212x300.jpg 212w, https:\/\/antiguaesportiva.com\/revista\/wp-content\/uploads\/2026\/08\/Ifs-carreras-27-768x1087.jpg 768w, https:\/\/antiguaesportiva.com\/revista\/wp-content\/uploads\/2026\/08\/Ifs-carreras-27-554x784.jpg 554w, https:\/\/antiguaesportiva.com\/revista\/wp-content\/uploads\/2026\/08\/Ifs-carreras-27.jpg 1000w\" sizes=\"auto, (max-width: 723px) 100vw, 723px\" \/><\/figure>\n\n\n\n<h3 class=\"wp-block-heading\">Enfoque t\u00e1ctico y correcci\u00f3n de l\u00edneas<\/h3>\n\n\n\n<p class=\"wp-block-paragraph\">Durante la semana de entrenamientos, el cuerpo t\u00e9cnico ha puesto especial \u00e9nfasis en la solidez defensiva y en la efectividad al momento de generar transiciones r\u00e1pidas hacia el frente. El grupo ha realizado sesiones enfocadas en la circulaci\u00f3n del bal\u00f3n y la presi\u00f3n alta, buscando contrarrestar las fortalezas del rival en su propia cancha.<\/p>\n\n\n\n<p class=\"wp-block-paragraph\">La intenci\u00f3n del equipo de Quetzaltenango es mantener el orden en la zona baja y aprovechar las variantes ofensivas para hacer da\u00f1o en el feudo marquense.<\/p>\n\n\n\n<h3 class=\"wp-block-heading\">Un choque con antecedente directo<\/h3>\n\n\n\n<p class=\"wp-block-paragraph\">El enfrentamiento representa una prueba de alta exigencia por el historial reciente entre ambas escuadras. Durante la fase final del torneo anterior, Xelaj\u00fa logr\u00f3 superar la eliminatoria directa frente al conjunto de San Marcos tras imponerse en el juego de vuelta disputado en el Estadio Mario Camposeco.<\/p>\n","protected":false},"excerpt":{"rendered":"<p>El cuadro altense intensifica su preparaci\u00f3n para encarar el choque del pr\u00f3ximo s\u00e1bado en San Marcos por la jornada 7 del Apertura 2026. El plantel principal de Xelaj\u00fa MC mantiene el ritmo de trabajo bajo las \u00f3rdenes de su cuerpo t\u00e9cnico con miras a su siguiente compromiso en la Liga Nacional. El conjunto de los [&hellip;]<\/p>\n","protected":false},"author":9,"featured_media":15550,"comment_status":"closed","ping_status":"closed","sticky":false,"template":"","format":"standard","meta":{"footnotes":""},"categories":[31],"tags":[47,1893,291,56,55,1483,1794],"class_list":["post-15549","post","type-post","status-publish","format-standard","has-post-thumbnail","hentry","category-liga-nacional","tag-antigua-esportiva","tag-club-xelaju-mc","tag-guatemala","tag-liga-nacional","tag-liga-nacional-de-futbol-de-guatemala","tag-sofia-melgar","tag-torneo-apertura-2026"],"_links":{"self":[{"href":"https:\/\/antiguaesportiva.com\/revista\/wp-json\/wp\/v2\/posts\/15549","targetHints":{"allow":["GET"]}}],"collection":[{"href":"https:\/\/antiguaesportiva.com\/revista\/wp-json\/wp\/v2\/posts"}],"about":[{"href":"https:\/\/antiguaesportiva.com\/revista\/wp-json\/wp\/v2\/types\/post"}],"author":[{"embeddable":true,"href":"https:\/\/antiguaesportiva.com\/revista\/wp-json\/wp\/v2\/users\/9"}],"replies":[{"embeddable":true,"href":"https:\/\/antiguaesportiva.com\/revista\/wp-json\/wp\/v2\/comments?post=15549"}],"version-history":[{"count":1,"href":"https:\/\/antiguaesportiva.com\/revista\/wp-json\/wp\/v2\/posts\/15549\/revisions"}],"predecessor-version":[{"id":15551,"href":"https:\/\/antiguaesportiva.com\/revista\/wp-json\/wp\/v2\/posts\/15549\/revisions\/15551"}],"wp:featuredmedia":[{"embeddable":true,"href":"https:\/\/antiguaesportiva.com\/revista\/wp-json\/wp\/v2\/media\/15550"}],"wp:attachment":[{"href":"https:\/\/antiguaesportiva.com\/revista\/wp-json\/wp\/v2\/media?parent=15549"}],"wp:term":[{"taxonomy":"category","embeddable":true,"href":"https:\/\/antiguaesportiva.com\/revista\/wp-json\/wp\/v2\/categories?post=15549"},{"taxonomy":"post_tag","embeddable":true,"href":"https:\/\/antiguaesportiva.com\/revista\/wp-json\/wp\/v2\/tags?post=15549"}],"curies":[{"name":"wp","href":"https:\/\/api.w.org\/{rel}","templated":true}]}}