{"id":15546,"date":"2026-09-02T16:02:34","date_gmt":"2026-09-02T22:02:34","guid":{"rendered":"https:\/\/antiguaesportiva.com\/revista\/?p=15546"},"modified":"2026-09-02T16:02:35","modified_gmt":"2026-09-02T22:02:35","slug":"enzo-fernandez-estrena-nuevo-destino-en-la-premier-league","status":"publish","type":"post","link":"https:\/\/antiguaesportiva.com\/revista\/2026\/09\/02\/enzo-fernandez-estrena-nuevo-destino-en-la-premier-league\/","title":{"rendered":"ENZO FERN\u00c1NDEZ ESTRENA NUEVO DESTINO EN LA PREMIER LEAGUE"},"content":{"rendered":"\n<p class=\"wp-block-paragraph\">El mercado de transferencias en el f\u00fatbol de Inglaterra cerr\u00f3 con un movimiento de verdadero impacto. En un giro estrat\u00e9gico sobre la hora de cierre, la directiva ciudadana amarr\u00f3 la incorporaci\u00f3n de Enzo Fern\u00e1ndez para reforzar su zona medular, convirtiendo al mediocampista argentino de 23 a\u00f1os en la transferencia m\u00e1s costosa registrada en la historia de la Premier League tras un acuerdo que se cerr\u00f3 en 145 millones de euros.<\/p>\n\n\n\n<p class=\"wp-block-paragraph\">El mediocentro, pilar en la consagraci\u00f3n albiceleste durante la Copa del Mundo de Catar 2022, deja atr\u00e1s su etapa en Stamford Bridge para asumir un nuevo reto bajo la estructura t\u00e1ctica de la escuadra mancuniana, que buscaba apuntalar su medular con dinamismo y criterio de distribuci\u00f3n de primer nivel.<\/p>\n\n\n\n<figure class=\"wp-block-image size-large\"><img loading=\"lazy\" decoding=\"async\" width=\"723\" height=\"1024\" src=\"https:\/\/antiguaesportiva.com\/revista\/wp-content\/uploads\/2026\/08\/ifs-Merca-2027-723x1024.jpg\" alt=\"\" class=\"wp-image-15347\" srcset=\"https:\/\/antiguaesportiva.com\/revista\/wp-content\/uploads\/2026\/08\/ifs-Merca-2027-723x1024.jpg 723w, https:\/\/antiguaesportiva.com\/revista\/wp-content\/uploads\/2026\/08\/ifs-Merca-2027-212x300.jpg 212w, https:\/\/antiguaesportiva.com\/revista\/wp-content\/uploads\/2026\/08\/ifs-Merca-2027-768x1087.jpg 768w, https:\/\/antiguaesportiva.com\/revista\/wp-content\/uploads\/2026\/08\/ifs-Merca-2027-554x784.jpg 554w, https:\/\/antiguaesportiva.com\/revista\/wp-content\/uploads\/2026\/08\/ifs-Merca-2027.jpg 1000w\" sizes=\"auto, (max-width: 723px) 100vw, 723px\" \/><\/figure>\n\n\n\n<h2 class=\"wp-block-heading\"><strong>Un salto hacia la exigencia colectiva<\/strong><\/h2>\n\n\n\n<p class=\"wp-block-paragraph\">Durante sus primeras impresiones tras estampar la firma, el volante sudamericano resalt\u00f3 la solidez institucional del proyecto al que se integra, un factor determinante para decantar su decisi\u00f3n en la recta final de las negociaciones.<\/p>\n\n\n\n<p class=\"wp-block-paragraph\">&#8220;Todo jugador quiere ser parte de un club como este porque todo el mundo sabe lo bien dirigido que est\u00e1 el City. No podr\u00eda estar m\u00e1s feliz de estar aqu\u00ed y estoy listo para el reto de ayudar al City a seguir ganando t\u00edtulos. Este es un club hecho para ganar&#8221;, afirm\u00f3 Fern\u00e1ndez en la presentaci\u00f3n oficial.<\/p>\n\n\n\n<p class=\"wp-block-paragraph\">El futbolista formado en River Plate tambi\u00e9n enfatiz\u00f3 su deseo de integrarse r\u00e1pidamente a la din\u00e1mica del vestuario para potenciar su rendimiento individual a la par de las figuras con las que compartir\u00e1 cancha. &#8220;Si miras a la plantilla, el City tiene calidad en todas las posiciones. Quiero aprender de mis compa\u00f1eros y ser mejor jugador&#8221;, a\u00f1adi\u00f3.<\/p>\n\n\n\n<p class=\"wp-block-paragraph\"><strong>Compromiso y visi\u00f3n de juego para la medular<\/strong><\/p>\n\n\n\n<p class=\"wp-block-paragraph\">Con esta operaci\u00f3n, el club de M\u00e1nchester asegura despliegue f\u00edsico, lectura t\u00e1ctica y capacidad de salida desde campo propio, cualidades que el argentino prometi\u00f3 respaldar con entrega absoluta en el d\u00eda a d\u00eda.<\/p>\n\n\n\n<p class=\"wp-block-paragraph\">&#8220;Me enorgullece mucho seguir mejorando mi juego. Cualquiera que haya entrenado conmigo sabe lo duro que trabajo cada d\u00eda y lo que pongo en cada partido. Lo doy todo y puedo prometer a este club que eso seguir\u00e1 as\u00ed&#8221;, concluy\u00f3 el centrocampista.<\/p>\n\n\n\n<p class=\"wp-block-paragraph\">El movimiento impacta de lleno en el panorama futbol\u00edstico europeo, reconfigurando las aspiraciones de ambos clubes de cara a la exigente temporada en el \u00e1mbito local e internacional.<\/p>\n","protected":false},"excerpt":{"rendered":"<p>El mercado de transferencias en el f\u00fatbol de Inglaterra cerr\u00f3 con un movimiento de verdadero impacto. En un giro estrat\u00e9gico sobre la hora de cierre, la directiva ciudadana amarr\u00f3 la incorporaci\u00f3n de Enzo Fern\u00e1ndez para reforzar su zona medular, convirtiendo al mediocampista argentino de 23 a\u00f1os en la transferencia m\u00e1s costosa registrada en la historia [&hellip;]<\/p>\n","protected":false},"author":9,"featured_media":15547,"comment_status":"closed","ping_status":"closed","sticky":false,"template":"","format":"standard","meta":{"footnotes":""},"categories":[36],"tags":[47,712,703,2137,247,1819,1483],"class_list":["post-15546","post","type-post","status-publish","format-standard","has-post-thumbnail","hentry","category-futbol-internacional","tag-antigua-esportiva","tag-chelsea","tag-enzo-fernandez","tag-futbol-ingles","tag-manchester-city","tag-nuevos-fichajes","tag-sofia-melgar"],"_links":{"self":[{"href":"https:\/\/antiguaesportiva.com\/revista\/wp-json\/wp\/v2\/posts\/15546","targetHints":{"allow":["GET"]}}],"collection":[{"href":"https:\/\/antiguaesportiva.com\/revista\/wp-json\/wp\/v2\/posts"}],"about":[{"href":"https:\/\/antiguaesportiva.com\/revista\/wp-json\/wp\/v2\/types\/post"}],"author":[{"embeddable":true,"href":"https:\/\/antiguaesportiva.com\/revista\/wp-json\/wp\/v2\/users\/9"}],"replies":[{"embeddable":true,"href":"https:\/\/antiguaesportiva.com\/revista\/wp-json\/wp\/v2\/comments?post=15546"}],"version-history":[{"count":1,"href":"https:\/\/antiguaesportiva.com\/revista\/wp-json\/wp\/v2\/posts\/15546\/revisions"}],"predecessor-version":[{"id":15548,"href":"https:\/\/antiguaesportiva.com\/revista\/wp-json\/wp\/v2\/posts\/15546\/revisions\/15548"}],"wp:featuredmedia":[{"embeddable":true,"href":"https:\/\/antiguaesportiva.com\/revista\/wp-json\/wp\/v2\/media\/15547"}],"wp:attachment":[{"href":"https:\/\/antiguaesportiva.com\/revista\/wp-json\/wp\/v2\/media?parent=15546"}],"wp:term":[{"taxonomy":"category","embeddable":true,"href":"https:\/\/antiguaesportiva.com\/revista\/wp-json\/wp\/v2\/categories?post=15546"},{"taxonomy":"post_tag","embeddable":true,"href":"https:\/\/antiguaesportiva.com\/revista\/wp-json\/wp\/v2\/tags?post=15546"}],"curies":[{"name":"wp","href":"https:\/\/api.w.org\/{rel}","templated":true}]}}