{"id":15543,"date":"2026-09-02T15:51:01","date_gmt":"2026-09-02T21:51:01","guid":{"rendered":"https:\/\/antiguaesportiva.com\/revista\/?p=15543"},"modified":"2026-09-02T15:54:05","modified_gmt":"2026-09-02T21:54:05","slug":"antigua-busca-reparar-su-defensa-ante-un-aurora","status":"publish","type":"post","link":"https:\/\/antiguaesportiva.com\/revista\/2026\/09\/02\/antigua-busca-reparar-su-defensa-ante-un-aurora\/","title":{"rendered":"ANTIGUA BUSCA REPARAR SU DEFENSA ANTE UN AURORA"},"content":{"rendered":"\n<p class=\"wp-block-paragraph\"> El Estadio Pensativo ser\u00e1 la sede del choque entre Antigua GFC y Aurora FC. Los locales llegan con la urgencia de rearmar su l\u00ednea defensiva tras encajar cuatro goles en la fecha 6, mientras que la visita arriba con el impulso de dos victorias al hilo en el torneo Apertura 2026.<\/p>\n\n\n\n<figure class=\"wp-block-image size-large\"><img loading=\"lazy\" decoding=\"async\" width=\"723\" height=\"1024\" src=\"https:\/\/antiguaesportiva.com\/revista\/wp-content\/uploads\/2026\/08\/ifs-biologia-2027-723x1024.jpg\" alt=\"\" class=\"wp-image-15345\" srcset=\"https:\/\/antiguaesportiva.com\/revista\/wp-content\/uploads\/2026\/08\/ifs-biologia-2027-723x1024.jpg 723w, https:\/\/antiguaesportiva.com\/revista\/wp-content\/uploads\/2026\/08\/ifs-biologia-2027-212x300.jpg 212w, https:\/\/antiguaesportiva.com\/revista\/wp-content\/uploads\/2026\/08\/ifs-biologia-2027-768x1087.jpg 768w, https:\/\/antiguaesportiva.com\/revista\/wp-content\/uploads\/2026\/08\/ifs-biologia-2027-554x784.jpg 554w, https:\/\/antiguaesportiva.com\/revista\/wp-content\/uploads\/2026\/08\/ifs-biologia-2027.jpg 1000w\" sizes=\"auto, (max-width: 723px) 100vw, 723px\" \/><\/figure>\n\n\n\n<h3 class=\"wp-block-heading\">Ajustar filas tras la ca\u00edda 4-3 en San Pedro<\/h3>\n\n\n\n<p class=\"wp-block-paragraph\">El conjunto aguacatero tropez\u00f3 el pasado 30 de agosto en su visita al Estadio Municipal de San Pedro Sacatep\u00e9quez. A pesar de anotar tres goles por medio de su bloque de ataque, los errores colectivos en zona baja le costaron la derrota 4-3 frente al Deportivo San Pedro.<\/p>\n\n\n\n<p class=\"wp-block-paragraph\">Para este encuentro, el t\u00e9cnico colonial buscar\u00e1 priorizar el equilibrio en la mitad de la cancha y cortar el circuito de juego rival desde la salida. Sumar los tres puntos en casa es clave para que Antigua no pierda pisada en la parte alta de la tabla de posiciones antes de encarar sus siguientes compromisos de liga.<\/p>\n\n\n\n<h3 class=\"wp-block-heading\">El momento aurinegro<\/h3>\n\n\n\n<p class=\"wp-block-paragraph\">Aurora FC vive un panorama distinto. Tras un arranque titubeante que incluy\u00f3 ca\u00eddas ante Guastatoya (0-1) y San Pedro (2-1), el plantel militar logr\u00f3 enderezar el rumbo. Primero super\u00f3 3-2 a CSD Suchitep\u00e9quez en un duelo de ida y vuelta, y el pasado fin de semana amarr\u00f3 un trabajado 1-0 frente a Deportivo Malacateco.<\/p>\n\n\n\n<p class=\"wp-block-paragraph\">El equipo militar viajar\u00e1 a Sacatep\u00e9quez con el objetivo t\u00e1ctico de plantar un bloque medio ordenado, desgastar el \u00edmpetu inicial de Antigua y explotar el contraataque para firmar su tercer partido seguido sumando puntos.<\/p>\n","protected":false},"excerpt":{"rendered":"<p>El Estadio Pensativo ser\u00e1 la sede del choque entre Antigua GFC y Aurora FC. Los locales llegan con la urgencia de rearmar su l\u00ednea defensiva tras encajar cuatro goles en la fecha 6, mientras que la visita arriba con el impulso de dos victorias al hilo en el torneo Apertura 2026. Ajustar filas tras la [&hellip;]<\/p>\n","protected":false},"author":9,"featured_media":15544,"comment_status":"closed","ping_status":"closed","sticky":false,"template":"","format":"standard","meta":{"footnotes":""},"categories":[29],"tags":[47,45,291,1161,56,55,1483,1794],"class_list":["post-15543","post","type-post","status-publish","format-standard","has-post-thumbnail","hentry","category-antigua-gfc","tag-antigua-esportiva","tag-antigua-gfc","tag-guatemala","tag-jornada-6","tag-liga-nacional","tag-liga-nacional-de-futbol-de-guatemala","tag-sofia-melgar","tag-torneo-apertura-2026"],"_links":{"self":[{"href":"https:\/\/antiguaesportiva.com\/revista\/wp-json\/wp\/v2\/posts\/15543","targetHints":{"allow":["GET"]}}],"collection":[{"href":"https:\/\/antiguaesportiva.com\/revista\/wp-json\/wp\/v2\/posts"}],"about":[{"href":"https:\/\/antiguaesportiva.com\/revista\/wp-json\/wp\/v2\/types\/post"}],"author":[{"embeddable":true,"href":"https:\/\/antiguaesportiva.com\/revista\/wp-json\/wp\/v2\/users\/9"}],"replies":[{"embeddable":true,"href":"https:\/\/antiguaesportiva.com\/revista\/wp-json\/wp\/v2\/comments?post=15543"}],"version-history":[{"count":1,"href":"https:\/\/antiguaesportiva.com\/revista\/wp-json\/wp\/v2\/posts\/15543\/revisions"}],"predecessor-version":[{"id":15545,"href":"https:\/\/antiguaesportiva.com\/revista\/wp-json\/wp\/v2\/posts\/15543\/revisions\/15545"}],"wp:featuredmedia":[{"embeddable":true,"href":"https:\/\/antiguaesportiva.com\/revista\/wp-json\/wp\/v2\/media\/15544"}],"wp:attachment":[{"href":"https:\/\/antiguaesportiva.com\/revista\/wp-json\/wp\/v2\/media?parent=15543"}],"wp:term":[{"taxonomy":"category","embeddable":true,"href":"https:\/\/antiguaesportiva.com\/revista\/wp-json\/wp\/v2\/categories?post=15543"},{"taxonomy":"post_tag","embeddable":true,"href":"https:\/\/antiguaesportiva.com\/revista\/wp-json\/wp\/v2\/tags?post=15543"}],"curies":[{"name":"wp","href":"https:\/\/api.w.org\/{rel}","templated":true}]}}