{"id":15540,"date":"2026-09-02T15:46:40","date_gmt":"2026-09-02T21:46:40","guid":{"rendered":"https:\/\/antiguaesportiva.com\/revista\/?p=15540"},"modified":"2026-09-02T15:46:42","modified_gmt":"2026-09-02T21:46:42","slug":"san-pedro-sacude-el-apertura","status":"publish","type":"post","link":"https:\/\/antiguaesportiva.com\/revista\/2026\/09\/02\/san-pedro-sacude-el-apertura\/","title":{"rendered":"SAN PEDRO SACUDE EL APERTURA"},"content":{"rendered":"\n<p class=\"wp-block-paragraph\"><strong>El cuadro de los &#8216;S\u00faper Gallos&#8217; rompe pron\u00f3sticos en su debut en el m\u00e1ximo circuito guatemalteco tras superar a candidatos al t\u00edtulo y consolidar nuevas figuras en el ataque.<\/strong><\/p>\n\n\n\n<p class=\"wp-block-paragraph\">El paso de la Primera Divisi\u00f3n a la Liga Nacional suele requerir un periodo de adaptaci\u00f3n, pero el Deportivo San Pedro ha decidido acortar los plazos. Con una propuesta valiente y una efectividad contundente en el Estadio Municipal San Pedro, la escuadra sampedrana ha comenzado a alterar la tabla de posiciones y la planificaci\u00f3n de los clubes m\u00e1s experimentados del torneo.<\/p>\n\n\n\n<h2 class=\"wp-block-heading\"><strong>Un impacto inmediato ante los referentes del torneo<\/strong><\/h2>\n\n\n\n<p class=\"wp-block-paragraph\">El desempe\u00f1o de los &#8216;S\u00faper Gallos&#8217; dej\u00f3 de ser un hecho aislado tras sus recientes presentaciones. La victoria de 1-0 frente a Xelaj\u00fa MC marc\u00f3 el primer aviso de un equipo compacto en sus l\u00edneas y fuerte en la local\u00eda. Sin embargo, la ratificaci\u00f3n de su nivel competitivo lleg\u00f3 en un encuentro de alta exigencia ofensiva, donde venci\u00f3 4-3 a Antigua GFC en un choque din\u00e1mico que evidenci\u00f3 la capacidad de respuesta del club ante escenarios de alta presi\u00f3n.<\/p>\n\n\n\n<h2 class=\"wp-block-heading\"><strong>La irrupci\u00f3n de Emerson Garc\u00eda en el frente de ataque<\/strong><\/h2>\n\n\n\n<p class=\"wp-block-paragraph\">El desarrollo del partido frente al conjunto aguacatero sirvi\u00f3 tambi\u00e9n como vitrina para el talento joven del equipo. Emerson Garc\u00eda, conocido deportivamente como &#8220;Currito&#8221;, firm\u00f3 una actuaci\u00f3n determinante en la zona de definici\u00f3n. El atacante originario de La Libertad, Huehuetenango, fue el encargado de destrabar el marcador en momentos clave del encuentro:<\/p>\n\n\n\n<p class=\"wp-block-paragraph\"><strong>Segundo tanto (47&#8242;):<\/strong> Definici\u00f3n al inicio del complemento para volcar el marcador a favor del cuadro local y concretar su primer doblete en la categor\u00eda superior.<\/p>\n\n\n\n<p class=\"wp-block-paragraph\"><strong>Primer tanto (45+9&#8242;):<\/strong> Anotaci\u00f3n en el cierre de la primera mitad para igualar las acciones y cambiar la din\u00e1mica del juego.<\/p>\n\n\n\n<figure class=\"wp-block-image size-full\"><img loading=\"lazy\" decoding=\"async\" width=\"700\" height=\"250\" src=\"https:\/\/antiguaesportiva.com\/revista\/wp-content\/uploads\/2025\/12\/fisiocas-web.png\" alt=\"\" class=\"wp-image-11081\" srcset=\"https:\/\/antiguaesportiva.com\/revista\/wp-content\/uploads\/2025\/12\/fisiocas-web.png 700w, https:\/\/antiguaesportiva.com\/revista\/wp-content\/uploads\/2025\/12\/fisiocas-web-300x107.png 300w, https:\/\/antiguaesportiva.com\/revista\/wp-content\/uploads\/2025\/12\/fisiocas-web-554x198.png 554w\" sizes=\"auto, (max-width: 700px) 100vw, 700px\" \/><figcaption class=\"wp-element-caption\">Fisioterapia<\/figcaption><\/figure>\n","protected":false},"excerpt":{"rendered":"<p>El cuadro de los &#8216;S\u00faper Gallos&#8217; rompe pron\u00f3sticos en su debut en el m\u00e1ximo circuito guatemalteco tras superar a candidatos al t\u00edtulo y consolidar nuevas figuras en el ataque. El paso de la Primera Divisi\u00f3n a la Liga Nacional suele requerir un periodo de adaptaci\u00f3n, pero el Deportivo San Pedro ha decidido acortar los plazos. [&hellip;]<\/p>\n","protected":false},"author":9,"featured_media":15541,"comment_status":"closed","ping_status":"closed","sticky":false,"template":"","format":"standard","meta":{"footnotes":""},"categories":[31],"tags":[47,1769,291,56,55,1483,1794],"class_list":["post-15540","post","type-post","status-publish","format-standard","has-post-thumbnail","hentry","category-liga-nacional","tag-antigua-esportiva","tag-deportivo-san-pedro","tag-guatemala","tag-liga-nacional","tag-liga-nacional-de-futbol-de-guatemala","tag-sofia-melgar","tag-torneo-apertura-2026"],"_links":{"self":[{"href":"https:\/\/antiguaesportiva.com\/revista\/wp-json\/wp\/v2\/posts\/15540","targetHints":{"allow":["GET"]}}],"collection":[{"href":"https:\/\/antiguaesportiva.com\/revista\/wp-json\/wp\/v2\/posts"}],"about":[{"href":"https:\/\/antiguaesportiva.com\/revista\/wp-json\/wp\/v2\/types\/post"}],"author":[{"embeddable":true,"href":"https:\/\/antiguaesportiva.com\/revista\/wp-json\/wp\/v2\/users\/9"}],"replies":[{"embeddable":true,"href":"https:\/\/antiguaesportiva.com\/revista\/wp-json\/wp\/v2\/comments?post=15540"}],"version-history":[{"count":1,"href":"https:\/\/antiguaesportiva.com\/revista\/wp-json\/wp\/v2\/posts\/15540\/revisions"}],"predecessor-version":[{"id":15542,"href":"https:\/\/antiguaesportiva.com\/revista\/wp-json\/wp\/v2\/posts\/15540\/revisions\/15542"}],"wp:featuredmedia":[{"embeddable":true,"href":"https:\/\/antiguaesportiva.com\/revista\/wp-json\/wp\/v2\/media\/15541"}],"wp:attachment":[{"href":"https:\/\/antiguaesportiva.com\/revista\/wp-json\/wp\/v2\/media?parent=15540"}],"wp:term":[{"taxonomy":"category","embeddable":true,"href":"https:\/\/antiguaesportiva.com\/revista\/wp-json\/wp\/v2\/categories?post=15540"},{"taxonomy":"post_tag","embeddable":true,"href":"https:\/\/antiguaesportiva.com\/revista\/wp-json\/wp\/v2\/tags?post=15540"}],"curies":[{"name":"wp","href":"https:\/\/api.w.org\/{rel}","templated":true}]}}