{"id":15536,"date":"2026-09-02T15:00:56","date_gmt":"2026-09-02T21:00:56","guid":{"rendered":"https:\/\/antiguaesportiva.com\/revista\/?p=15536"},"modified":"2026-09-02T15:00:57","modified_gmt":"2026-09-02T21:00:57","slug":"comunicaciones-tiene-nuevo-tecnico","status":"publish","type":"post","link":"https:\/\/antiguaesportiva.com\/revista\/2026\/09\/02\/comunicaciones-tiene-nuevo-tecnico\/","title":{"rendered":"\u00a1Comunicaciones tiene nuevo t\u00e9cnico!"},"content":{"rendered":"\n<p class=\"has-black-color has-text-color has-link-color wp-elements-1 wp-block-paragraph\">Interino, y se trata de un guatemalteco, que toma el tim\u00f3n &#8216;Albo&#8217; tras la salida de Marco Antonio Figueroa tras su vergonzoso papel en El Cl\u00e1sico. <\/p>\n\n\n\n<p class=\"has-black-color has-text-color has-link-color wp-elements-2 wp-block-paragraph\">Comunicaciones oficializ\u00f3 la reestructuraci\u00f3n de su cuerpo t\u00e9cnico con el nombramiento de Kevin Garc\u00eda como entrenador interino del primer equipo. La decisi\u00f3n institucional se tom\u00f3 inmediatamente despu\u00e9s de que la junta directiva y el estratega chileno Marco Antonio &#8216;Fantasma&#8217; Figueroa alcanzaran un acuerdo mutuo para rescindir su v\u00ednculo contractual, dando por concluida una etapa marcada por la falta de regularidad en el banquillo &#8216;Albo&#8217;.<\/p>\n\n\n\n<figure class=\"wp-block-image is-resized\"><a href=\"https:\/\/formacionsecretarial.edu.gt\/\"><img loading=\"lazy\" decoding=\"async\" width=\"723\" height=\"1024\" src=\"https:\/\/antiguaesportiva.com\/revista\/wp-content\/uploads\/2026\/07\/image-1-723x1024.png\" alt=\"\" class=\"wp-image-14655\" style=\"width:302px;height:auto\" srcset=\"https:\/\/antiguaesportiva.com\/revista\/wp-content\/uploads\/2026\/07\/image-1-723x1024.png 723w, https:\/\/antiguaesportiva.com\/revista\/wp-content\/uploads\/2026\/07\/image-1-212x300.png 212w, https:\/\/antiguaesportiva.com\/revista\/wp-content\/uploads\/2026\/07\/image-1-768x1087.png 768w, https:\/\/antiguaesportiva.com\/revista\/wp-content\/uploads\/2026\/07\/image-1-554x784.png 554w, https:\/\/antiguaesportiva.com\/revista\/wp-content\/uploads\/2026\/07\/image-1.png 1000w\" sizes=\"auto, (max-width: 723px) 100vw, 723px\" \/><\/a><\/figure>\n\n\n\n<p class=\"has-black-color has-text-color has-link-color wp-elements-3 wp-block-paragraph\">El estratega guatemalteco asume el mando de las pr\u00e1cticas y la preparaci\u00f3n t\u00e1ctica con un objetivo inmediato: encarar el compromiso de la novena jornada del Torneo Apertura 2026 frente a Deportivo Mixco, programado para este s\u00e1bado 5 de septiembre. La dirigencia conf\u00eda en la capacidad de Garc\u00eda para estabilizar el vestuario en un periodo de transici\u00f3n que exige resultados a corto plazo.<\/p>\n\n\n\n<p class=\"has-black-color has-text-color has-link-color wp-elements-4 wp-block-paragraph\">La urgencia del cambio responde al complejo panorama deportivo que atraviesa la instituci\u00f3n crema. Actualmente, el club se ubica en la novena casilla de la tabla de posiciones, una zona cr\u00edtica atribuida al bajo rendimiento colectivo bajo la gesti\u00f3n t\u00e9cnica saliente y al desempe\u00f1o irregular de elementos del plantel que no han logrado responder a las exigencias futbol\u00edsticas de la entidad capitalina.<\/p>\n\n\n\n<p class=\"has-black-color has-text-color has-link-color wp-elements-5 wp-block-paragraph\">Ante este escenario, la c\u00fapula dirigencial y la afici\u00f3n ven en la llegada de Garc\u00eda una oportunidad de renovaci\u00f3n t\u00e1ctica y an\u00edmica. El estratega nacional recibe la responsabilidad de recomponer la propuesta de juego para rescatar los puntos perdidos y reinsertar a la instituci\u00f3n en la contienda por los puestos de clasificaci\u00f3n a la fase final del certamen.<\/p>\n\n\n\n<p class=\"has-black-color has-text-color has-link-color wp-elements-6 wp-block-paragraph\">El nombramiento marca el inicio de una etapa clave para Comunicaciones, que busca dejar atr\u00e1s la crisis de resultados y recuperar el protagonismo hist\u00f3rico en el balompi\u00e9 nacional. El rendimiento del equipo ante Mixco ser\u00e1 la primera prueba de fuego para evaluar la reacci\u00f3n del plantel bajo este nuevo ciclo de trabajo.<\/p>\n","protected":false},"excerpt":{"rendered":"<p>Interino, y se trata de un guatemalteco, que toma el tim\u00f3n &#8216;Albo&#8217; tras la salida de Marco Antonio Figueroa tras su vergonzoso papel en El Cl\u00e1sico. Comunicaciones oficializ\u00f3 la reestructuraci\u00f3n de su cuerpo t\u00e9cnico con el nombramiento de Kevin Garc\u00eda como entrenador interino del primer equipo. La decisi\u00f3n institucional se tom\u00f3 inmediatamente despu\u00e9s de que [&hellip;]<\/p>\n","protected":false},"author":5,"featured_media":15537,"comment_status":"closed","ping_status":"closed","sticky":false,"template":"","format":"standard","meta":{"footnotes":""},"categories":[31],"tags":[47,1802,48,49,2136,56,55,1794],"class_list":["post-15536","post","type-post","status-publish","format-standard","has-post-thumbnail","hentry","category-liga-nacional","tag-antigua-esportiva","tag-apertura-2026","tag-kenny-rodas","tag-kenny-sports","tag-kevin-garcia","tag-liga-nacional","tag-liga-nacional-de-futbol-de-guatemala","tag-torneo-apertura-2026"],"_links":{"self":[{"href":"https:\/\/antiguaesportiva.com\/revista\/wp-json\/wp\/v2\/posts\/15536","targetHints":{"allow":["GET"]}}],"collection":[{"href":"https:\/\/antiguaesportiva.com\/revista\/wp-json\/wp\/v2\/posts"}],"about":[{"href":"https:\/\/antiguaesportiva.com\/revista\/wp-json\/wp\/v2\/types\/post"}],"author":[{"embeddable":true,"href":"https:\/\/antiguaesportiva.com\/revista\/wp-json\/wp\/v2\/users\/5"}],"replies":[{"embeddable":true,"href":"https:\/\/antiguaesportiva.com\/revista\/wp-json\/wp\/v2\/comments?post=15536"}],"version-history":[{"count":2,"href":"https:\/\/antiguaesportiva.com\/revista\/wp-json\/wp\/v2\/posts\/15536\/revisions"}],"predecessor-version":[{"id":15539,"href":"https:\/\/antiguaesportiva.com\/revista\/wp-json\/wp\/v2\/posts\/15536\/revisions\/15539"}],"wp:featuredmedia":[{"embeddable":true,"href":"https:\/\/antiguaesportiva.com\/revista\/wp-json\/wp\/v2\/media\/15537"}],"wp:attachment":[{"href":"https:\/\/antiguaesportiva.com\/revista\/wp-json\/wp\/v2\/media?parent=15536"}],"wp:term":[{"taxonomy":"category","embeddable":true,"href":"https:\/\/antiguaesportiva.com\/revista\/wp-json\/wp\/v2\/categories?post=15536"},{"taxonomy":"post_tag","embeddable":true,"href":"https:\/\/antiguaesportiva.com\/revista\/wp-json\/wp\/v2\/tags?post=15536"}],"curies":[{"name":"wp","href":"https:\/\/api.w.org\/{rel}","templated":true}]}}