{"id":15512,"date":"2026-09-01T15:10:21","date_gmt":"2026-09-01T21:10:21","guid":{"rendered":"https:\/\/antiguaesportiva.com\/revista\/?p=15512"},"modified":"2026-09-01T15:10:22","modified_gmt":"2026-09-01T21:10:22","slug":"guatemala-define-su-ruta-en-la-liga-de-naciones-de-la-concacaf-el-trebol-sera-la-sede-de-la-bicolor","status":"publish","type":"post","link":"https:\/\/antiguaesportiva.com\/revista\/2026\/09\/01\/guatemala-define-su-ruta-en-la-liga-de-naciones-de-la-concacaf-el-trebol-sera-la-sede-de-la-bicolor\/","title":{"rendered":"Guatemala define su ruta en la Liga de Naciones de la Concacaf: El Tr\u00e9bol ser\u00e1 la sede de la Bicolor"},"content":{"rendered":"\n<p class=\"wp-block-paragraph\">La Selecci\u00f3n Nacional de Guatemala ya conoce el camino y las fechas en las que disputar\u00e1 sus pr\u00f3ximos compromisos correspondientes a la Liga de Naciones de la Concacaf. El combinado dirigido por el cuerpo t\u00e9cnico nacional buscar\u00e1 asegurar puntos clave tanto en condici\u00f3n de visitante como en casa, donde se confirm\u00f3 que el Estadio El Tr\u00e9bol albergar\u00e1 los encuentros del cuadro azul y blanco.<\/p>\n\n\n\n<p class=\"wp-block-paragraph\">El recinto ubicado en la Zona 3 capitalina ser\u00e1 el escenario oficial para los partidos como local, una decisi\u00f3n estrat\u00e9gica que busca aprovechar el respaldo directo de la afici\u00f3n en una cancha emblem\u00e1tica del f\u00fatbol guatemalteco.<\/p>\n\n\n\n<figure class=\"wp-block-image size-large\"><img loading=\"lazy\" decoding=\"async\" width=\"723\" height=\"1024\" src=\"https:\/\/antiguaesportiva.com\/revista\/wp-content\/uploads\/2026\/08\/ifs-biologia-2027-723x1024.jpg\" alt=\"\" class=\"wp-image-15345\" srcset=\"https:\/\/antiguaesportiva.com\/revista\/wp-content\/uploads\/2026\/08\/ifs-biologia-2027-723x1024.jpg 723w, https:\/\/antiguaesportiva.com\/revista\/wp-content\/uploads\/2026\/08\/ifs-biologia-2027-212x300.jpg 212w, https:\/\/antiguaesportiva.com\/revista\/wp-content\/uploads\/2026\/08\/ifs-biologia-2027-768x1087.jpg 768w, https:\/\/antiguaesportiva.com\/revista\/wp-content\/uploads\/2026\/08\/ifs-biologia-2027-554x784.jpg 554w, https:\/\/antiguaesportiva.com\/revista\/wp-content\/uploads\/2026\/08\/ifs-biologia-2027.jpg 1000w\" sizes=\"auto, (max-width: 723px) 100vw, 723px\" \/><\/figure>\n\n\n\n<h2 class=\"wp-block-heading\"><strong>Septiembre: Arranque de visita y la primera prueba en casa<\/strong><\/h2>\n\n\n\n<p class=\"wp-block-paragraph\">El calendario para el cuadro nacional abrir\u00e1 a finales de septiembre con un exigente compromiso fuera de nuestras fronteras:<\/p>\n\n\n\n<ul class=\"wp-block-list\">\n<li><strong>25 de septiembre:<\/strong> Jamaica vs. Guatemala (Condici\u00f3n: Visitante)<\/li>\n\n\n\n<li><strong>28 de septiembre:<\/strong> Guatemala vs. El Salvador (Condici\u00f3n: Local &#8211; Estadio El Tr\u00e9bol)<\/li>\n<\/ul>\n\n\n\n<p class=\"wp-block-paragraph\">El debut en suelo jamaiquino representar\u00e1 un reto de alta exigencia f\u00edsica y t\u00e1ctica, mientras que el duelo frente al cuadro salvadore\u00f1o marcar\u00e1 el estreno de la Bicolor ante su p\u00fablico en El Tr\u00e9bol, un enfrentamiento de alta rivalidad regional donde sumar de a tres ser\u00e1 prioritario.<\/p>\n\n\n\n<h2 class=\"wp-block-heading\"><strong>Octubre: Serie determinante ante Surinam<\/strong><\/h2>\n\n\n\n<p class=\"wp-block-paragraph\">La actividad continuar\u00e1 a inicios de octubre con una serie de ida y vuelta que podr\u00eda definir las aspiraciones del conjunto guatemalteco dentro del grupo:<\/p>\n\n\n\n<ul class=\"wp-block-list\">\n<li><strong>2 de octubre:<\/strong> Surinam vs. Guatemala (Condici\u00f3n: Visitante)<\/li>\n\n\n\n<li><strong>5 de octubre:<\/strong> Guatemala vs. Surinam (Condici\u00f3n: Local &#8211; Estadio El Tr\u00e9bol)<\/li>\n<\/ul>\n\n\n\n<p class=\"wp-block-paragraph\">Esta doble fecha de octubre cerrar\u00e1 la participaci\u00f3n programada del mes, donde el factor local\u00eda en el partido de vuelta jugar\u00e1 un rol crucial para consolidar el paso de la Selecci\u00f3n Nacional en la competici\u00f3n regional.<\/p>\n","protected":false},"excerpt":{"rendered":"<p>La Selecci\u00f3n Nacional de Guatemala ya conoce el camino y las fechas en las que disputar\u00e1 sus pr\u00f3ximos compromisos correspondientes a la Liga de Naciones de la Concacaf. El combinado dirigido por el cuerpo t\u00e9cnico nacional buscar\u00e1 asegurar puntos clave tanto en condici\u00f3n de visitante como en casa, donde se confirm\u00f3 que el Estadio El [&hellip;]<\/p>\n","protected":false},"author":9,"featured_media":15513,"comment_status":"closed","ping_status":"closed","sticky":false,"template":"","format":"standard","meta":{"footnotes":""},"categories":[35],"tags":[47,45,291,56,55,884,1483],"class_list":["post-15512","post","type-post","status-publish","format-standard","has-post-thumbnail","hentry","category-seleccion-nacional","tag-antigua-esportiva","tag-antigua-gfc","tag-guatemala","tag-liga-nacional","tag-liga-nacional-de-futbol-de-guatemala","tag-seleccion-nacional-2","tag-sofia-melgar"],"_links":{"self":[{"href":"https:\/\/antiguaesportiva.com\/revista\/wp-json\/wp\/v2\/posts\/15512","targetHints":{"allow":["GET"]}}],"collection":[{"href":"https:\/\/antiguaesportiva.com\/revista\/wp-json\/wp\/v2\/posts"}],"about":[{"href":"https:\/\/antiguaesportiva.com\/revista\/wp-json\/wp\/v2\/types\/post"}],"author":[{"embeddable":true,"href":"https:\/\/antiguaesportiva.com\/revista\/wp-json\/wp\/v2\/users\/9"}],"replies":[{"embeddable":true,"href":"https:\/\/antiguaesportiva.com\/revista\/wp-json\/wp\/v2\/comments?post=15512"}],"version-history":[{"count":1,"href":"https:\/\/antiguaesportiva.com\/revista\/wp-json\/wp\/v2\/posts\/15512\/revisions"}],"predecessor-version":[{"id":15514,"href":"https:\/\/antiguaesportiva.com\/revista\/wp-json\/wp\/v2\/posts\/15512\/revisions\/15514"}],"wp:featuredmedia":[{"embeddable":true,"href":"https:\/\/antiguaesportiva.com\/revista\/wp-json\/wp\/v2\/media\/15513"}],"wp:attachment":[{"href":"https:\/\/antiguaesportiva.com\/revista\/wp-json\/wp\/v2\/media?parent=15512"}],"wp:term":[{"taxonomy":"category","embeddable":true,"href":"https:\/\/antiguaesportiva.com\/revista\/wp-json\/wp\/v2\/categories?post=15512"},{"taxonomy":"post_tag","embeddable":true,"href":"https:\/\/antiguaesportiva.com\/revista\/wp-json\/wp\/v2\/tags?post=15512"}],"curies":[{"name":"wp","href":"https:\/\/api.w.org\/{rel}","templated":true}]}}