{"id":15508,"date":"2026-09-01T14:13:55","date_gmt":"2026-09-01T20:13:55","guid":{"rendered":"https:\/\/antiguaesportiva.com\/revista\/?p=15508"},"modified":"2026-09-01T14:13:56","modified_gmt":"2026-09-01T20:13:56","slug":"gabriel-jesus-suma-jerarquia-al-ataque-del-fc-barcelona","status":"publish","type":"post","link":"https:\/\/antiguaesportiva.com\/revista\/2026\/09\/01\/gabriel-jesus-suma-jerarquia-al-ataque-del-fc-barcelona\/","title":{"rendered":"GABRIEL JES\u00daS SUMA JERARQU\u00cdA AL ATAQUE DEL FC BARCELONA"},"content":{"rendered":"\n<h3 class=\"wp-block-heading\">Refuerzo de jerarqu\u00eda para el ataque cul\u00e9 en el cierre del mercado<\/h3>\n\n\n\n<p class=\"wp-block-paragraph\">El FC Barcelona cerr\u00f3 la incorporaci\u00f3n del atacante brasile\u00f1o Gabriel Jes\u00fas.<sup><\/sup> El futbolista de 29 a\u00f1os, procedente del Arsenal de la Premier League, fue presentado formalmente tras estampar su firma en un contrato que lo vincular\u00e1 con la entidad catalana durante las pr\u00f3ximas tres temporadas, hasta el 30 de junio de 2029.<sup><\/sup><\/p>\n\n\n\n<p class=\"wp-block-paragraph\">La operaci\u00f3n entre el conjunto azulgrana y el club de Londres se pact\u00f3 en una cifra cercana a los 10 millones de euros fijos m\u00e1s variables, concluyendo as\u00ed una de las negociaciones m\u00e1s seguidas en la recta final de la ventana de transferencias.<\/p>\n\n\n\n<figure class=\"wp-block-image size-full\"><img loading=\"lazy\" decoding=\"async\" width=\"700\" height=\"250\" src=\"https:\/\/antiguaesportiva.com\/revista\/wp-content\/uploads\/2025\/12\/fisiocas-web.png\" alt=\"\" class=\"wp-image-11081\" srcset=\"https:\/\/antiguaesportiva.com\/revista\/wp-content\/uploads\/2025\/12\/fisiocas-web.png 700w, https:\/\/antiguaesportiva.com\/revista\/wp-content\/uploads\/2025\/12\/fisiocas-web-300x107.png 300w, https:\/\/antiguaesportiva.com\/revista\/wp-content\/uploads\/2025\/12\/fisiocas-web-554x198.png 554w\" sizes=\"auto, (max-width: 700px) 100vw, 700px\" \/><figcaption class=\"wp-element-caption\">Fisioterapia<\/figcaption><\/figure>\n\n\n\n<h3 class=\"wp-block-heading\">Un sue\u00f1o cumplido tras superar los ex\u00e1menes m\u00e9dicos<sup><\/sup><\/h3>\n\n\n\n<p class=\"wp-block-paragraph\">Durante su presentaci\u00f3n en las instalaciones del club, el internacional con la selecci\u00f3n de Brasil expres\u00f3 su satisfacci\u00f3n por concretar su llegada a la Ciudad Condal, asegurando que vestir la camiseta blaugrana representa la realizaci\u00f3n de un anhelo profesional.<\/p>\n\n\n\n<blockquote class=\"wp-block-quote is-layout-flow wp-block-quote-is-layout-flow\">\n<p class=\"wp-block-paragraph\">&#8220;Hace diez a\u00f1os tuve la oportunidad de venir y el f\u00fatbol me llev\u00f3 por otro camino, pero hoy cumplo el sue\u00f1o de estar aqu\u00ed. Me encuentro muy bien f\u00edsicamente y preparado para dar mi mejor versi\u00f3n&#8221;, declar\u00f3 el ariete durante sus primeras palabras como jugador barcelonista.<sup><\/sup><\/p>\n<\/blockquote>\n\n\n\n<p class=\"wp-block-paragraph\">Gabriel Jes\u00fas super\u00f3 con \u00e9xito las revisiones m\u00e9dicas tras dejar atr\u00e1s los problemas f\u00edsicos sufridos en etapas pasadas en Inglaterra.<sup><\/sup> Adem\u00e1s, el atacante acept\u00f3 un reajuste en sus pretensiones salariales para facilitar su encaje en el margen de inscripci\u00f3n de la entidad.<sup><\/sup><\/p>\n\n\n\n<h3 class=\"wp-block-heading\">Hansi Flick celebra la llegada del atacante<\/h3>\n\n\n\n<p class=\"wp-block-paragraph\">El t\u00e9cnico del FC Barcelona, Hansi Flick, valor\u00f3 de manera muy positiva el perfil del nuevo &#8216;9&#8217;, destacando su movilidad, presi\u00f3n alta y capacidad de asociaci\u00f3n en el frente de ataque.<sup><\/sup> Flick se\u00f1al\u00f3 que las caracter\u00edsticas del brasile\u00f1o complementan de forma precisa el esquema t\u00e1ctico que busca consolidar en las competiciones locales e internacionales.<\/p>\n","protected":false},"excerpt":{"rendered":"<p>Refuerzo de jerarqu\u00eda para el ataque cul\u00e9 en el cierre del mercado El FC Barcelona cerr\u00f3 la incorporaci\u00f3n del atacante brasile\u00f1o Gabriel Jes\u00fas. El futbolista de 29 a\u00f1os, procedente del Arsenal de la Premier League, fue presentado formalmente tras estampar su firma en un contrato que lo vincular\u00e1 con la entidad catalana durante las pr\u00f3ximas [&hellip;]<\/p>\n","protected":false},"author":9,"featured_media":15509,"comment_status":"closed","ping_status":"closed","sticky":false,"template":"","format":"standard","meta":{"footnotes":""},"categories":[36],"tags":[47,2115,2135,2134,90,1413,1483],"class_list":["post-15508","post","type-post","status-publish","format-standard","has-post-thumbnail","hentry","category-futbol-internacional","tag-antigua-esportiva","tag-barcelona-fc","tag-fichaje-barcelona","tag-gabrie-ljesus-blaugrana","tag-la-liga","tag-nuevo-fichaje","tag-sofia-melgar"],"_links":{"self":[{"href":"https:\/\/antiguaesportiva.com\/revista\/wp-json\/wp\/v2\/posts\/15508","targetHints":{"allow":["GET"]}}],"collection":[{"href":"https:\/\/antiguaesportiva.com\/revista\/wp-json\/wp\/v2\/posts"}],"about":[{"href":"https:\/\/antiguaesportiva.com\/revista\/wp-json\/wp\/v2\/types\/post"}],"author":[{"embeddable":true,"href":"https:\/\/antiguaesportiva.com\/revista\/wp-json\/wp\/v2\/users\/9"}],"replies":[{"embeddable":true,"href":"https:\/\/antiguaesportiva.com\/revista\/wp-json\/wp\/v2\/comments?post=15508"}],"version-history":[{"count":1,"href":"https:\/\/antiguaesportiva.com\/revista\/wp-json\/wp\/v2\/posts\/15508\/revisions"}],"predecessor-version":[{"id":15510,"href":"https:\/\/antiguaesportiva.com\/revista\/wp-json\/wp\/v2\/posts\/15508\/revisions\/15510"}],"wp:featuredmedia":[{"embeddable":true,"href":"https:\/\/antiguaesportiva.com\/revista\/wp-json\/wp\/v2\/media\/15509"}],"wp:attachment":[{"href":"https:\/\/antiguaesportiva.com\/revista\/wp-json\/wp\/v2\/media?parent=15508"}],"wp:term":[{"taxonomy":"category","embeddable":true,"href":"https:\/\/antiguaesportiva.com\/revista\/wp-json\/wp\/v2\/categories?post=15508"},{"taxonomy":"post_tag","embeddable":true,"href":"https:\/\/antiguaesportiva.com\/revista\/wp-json\/wp\/v2\/tags?post=15508"}],"curies":[{"name":"wp","href":"https:\/\/api.w.org\/{rel}","templated":true}]}}