{"id":15504,"date":"2026-09-01T13:59:26","date_gmt":"2026-09-01T19:59:26","guid":{"rendered":"https:\/\/antiguaesportiva.com\/revista\/?p=15504"},"modified":"2026-09-01T13:59:28","modified_gmt":"2026-09-01T19:59:28","slug":"luces-y-sombras-legionarias-darwin-lom-cae-lesionado-y-oscar-santis-afianza-su-titularidad-en-asia","status":"publish","type":"post","link":"https:\/\/antiguaesportiva.com\/revista\/2026\/09\/01\/luces-y-sombras-legionarias-darwin-lom-cae-lesionado-y-oscar-santis-afianza-su-titularidad-en-asia\/","title":{"rendered":"Luces y sombras legionarias: Darwin Lom cae lesionado y Oscar Santis afianza su titularidad en Asia"},"content":{"rendered":"\n<p class=\"wp-block-paragraph\"><strong>El delantero de The Strongest ser\u00e1 baja en Bolivia por un desgarro muscular, mientras que el extremo guatemalteco sostiene una racha constante de titularidades con el DPMM FC.<\/strong><\/p>\n\n\n\n<p class=\"wp-block-paragraph\">La actualidad de los futbolistas guatemaltecos en el balompi\u00e9 internacional presenta realidades opuestas en este arranque de temporada. Mientras el atacante Darwin Lom inicia un proceso de recuperaci\u00f3n m\u00e9dica en la Liga de Bolivia, el extremo <strong>Oscar Santis<\/strong> sostiene un ritmo de juego firme y protag\u00f3nico en la plantilla titular de su club en Asia.<\/p>\n\n\n\n<figure class=\"wp-block-image size-large\"><img loading=\"lazy\" decoding=\"async\" width=\"723\" height=\"1024\" src=\"https:\/\/antiguaesportiva.com\/revista\/wp-content\/uploads\/2026\/08\/ifs-Merca-2027-723x1024.jpg\" alt=\"\" class=\"wp-image-15347\" srcset=\"https:\/\/antiguaesportiva.com\/revista\/wp-content\/uploads\/2026\/08\/ifs-Merca-2027-723x1024.jpg 723w, https:\/\/antiguaesportiva.com\/revista\/wp-content\/uploads\/2026\/08\/ifs-Merca-2027-212x300.jpg 212w, https:\/\/antiguaesportiva.com\/revista\/wp-content\/uploads\/2026\/08\/ifs-Merca-2027-768x1087.jpg 768w, https:\/\/antiguaesportiva.com\/revista\/wp-content\/uploads\/2026\/08\/ifs-Merca-2027-554x784.jpg 554w, https:\/\/antiguaesportiva.com\/revista\/wp-content\/uploads\/2026\/08\/ifs-Merca-2027.jpg 1000w\" sizes=\"auto, (max-width: 723px) 100vw, 723px\" \/><\/figure>\n\n\n\n<h2 class=\"wp-block-heading\"><strong>Darwin Lom: Desgarro muscular frena su paso por Bolivia<\/strong><\/h2>\n\n\n\n<p class=\"wp-block-paragraph\">El departamento m\u00e9dico del club The Strongest emiti\u00f3 un reporte oficial tras el \u00faltimo encuentro disputado ante el Club Bol\u00edvar. De acuerdo con el diagn\u00f3stico de la instituci\u00f3n altipl\u00e1nica, el delantero guatemalteco present\u00f3 molestias que requirieron evaluaci\u00f3n inmediata.<\/p>\n\n\n\n<p class=\"wp-block-paragraph\">Los estudios ecogr\u00e1ficos practicados al jugador confirmaron un desgarro fibrilar con edema focal en la regi\u00f3n posterior del muslo izquierdo. Debido a esta lesi\u00f3n, Lom se encuentra oficialmente de baja deportiva y permanecer\u00e1 bajo el tratamiento y seguimiento del cuerpo m\u00e9dico del club pacing para determinar su tiempo de retorno.<\/p>\n\n\n\n<h2 class=\"wp-block-heading\"><strong>Oscar Santis: Regularidad y presencia en el once inicial<\/strong><\/h2>\n\n\n\n<p class=\"wp-block-paragraph\">En el f\u00fatbol asi\u00e1tico el panorama es positivo para la legi\u00f3n nacional. <strong>Oscar Santis<\/strong> ha logrado afianzarse como un elemento recurrente dentro del esquema estelar del DPMM FC (club de Brun\u00e9i que compite en el balompi\u00e9 de Malasia).<\/p>\n\n\n\n<p class=\"wp-block-paragraph\">El atacante guatemalteco enlaza una serie de apariciones consecutivas en el alineaci\u00f3n titular tanto en el torneo de copa como en la Superliga local. Portando el dorsal 18, Santis ratifica la confianza depositada por su cuerpo t\u00e9cnico, sumando minutos valiosos que le permiten mantenerse en ritmo competitivo de cara a los pr\u00f3ximos compromisos internacionales.<\/p>\n","protected":false},"excerpt":{"rendered":"<p>El delantero de The Strongest ser\u00e1 baja en Bolivia por un desgarro muscular, mientras que el extremo guatemalteco sostiene una racha constante de titularidades con el DPMM FC. La actualidad de los futbolistas guatemaltecos en el balompi\u00e9 internacional presenta realidades opuestas en este arranque de temporada. Mientras el atacante Darwin Lom inicia un proceso de [&hellip;]<\/p>\n","protected":false},"author":9,"featured_media":15505,"comment_status":"closed","ping_status":"closed","sticky":false,"template":"","format":"standard","meta":{"footnotes":""},"categories":[36],"tags":[47,2097,291,1512,56,1995,182,1483],"class_list":["post-15504","post","type-post","status-publish","format-standard","has-post-thumbnail","hentry","category-futbol-internacional","tag-antigua-esportiva","tag-darwim-lom","tag-guatemala","tag-guatemala-en-bolivia","tag-liga-nacional","tag-malasia","tag-oscar-santis","tag-sofia-melgar"],"_links":{"self":[{"href":"https:\/\/antiguaesportiva.com\/revista\/wp-json\/wp\/v2\/posts\/15504","targetHints":{"allow":["GET"]}}],"collection":[{"href":"https:\/\/antiguaesportiva.com\/revista\/wp-json\/wp\/v2\/posts"}],"about":[{"href":"https:\/\/antiguaesportiva.com\/revista\/wp-json\/wp\/v2\/types\/post"}],"author":[{"embeddable":true,"href":"https:\/\/antiguaesportiva.com\/revista\/wp-json\/wp\/v2\/users\/9"}],"replies":[{"embeddable":true,"href":"https:\/\/antiguaesportiva.com\/revista\/wp-json\/wp\/v2\/comments?post=15504"}],"version-history":[{"count":1,"href":"https:\/\/antiguaesportiva.com\/revista\/wp-json\/wp\/v2\/posts\/15504\/revisions"}],"predecessor-version":[{"id":15506,"href":"https:\/\/antiguaesportiva.com\/revista\/wp-json\/wp\/v2\/posts\/15504\/revisions\/15506"}],"wp:featuredmedia":[{"embeddable":true,"href":"https:\/\/antiguaesportiva.com\/revista\/wp-json\/wp\/v2\/media\/15505"}],"wp:attachment":[{"href":"https:\/\/antiguaesportiva.com\/revista\/wp-json\/wp\/v2\/media?parent=15504"}],"wp:term":[{"taxonomy":"category","embeddable":true,"href":"https:\/\/antiguaesportiva.com\/revista\/wp-json\/wp\/v2\/categories?post=15504"},{"taxonomy":"post_tag","embeddable":true,"href":"https:\/\/antiguaesportiva.com\/revista\/wp-json\/wp\/v2\/tags?post=15504"}],"curies":[{"name":"wp","href":"https:\/\/api.w.org\/{rel}","templated":true}]}}