{"id":15501,"date":"2026-09-01T13:33:49","date_gmt":"2026-09-01T19:33:49","guid":{"rendered":"https:\/\/antiguaesportiva.com\/revista\/?p=15501"},"modified":"2026-09-01T13:33:51","modified_gmt":"2026-09-01T19:33:51","slug":"comunicaciones-inicia-la-busqueda-de-un-nuevo-timon-tras-el-fin-de-la-era-figueroa","status":"publish","type":"post","link":"https:\/\/antiguaesportiva.com\/revista\/2026\/09\/01\/comunicaciones-inicia-la-busqueda-de-un-nuevo-timon-tras-el-fin-de-la-era-figueroa\/","title":{"rendered":"Comunicaciones inicia la b\u00fasqueda de un nuevo tim\u00f3n tras el fin de la era Figueroa"},"content":{"rendered":"\n<p class=\"wp-block-paragraph\">El proyecto de Marco Antonio Figueroa al frente de Comunicaciones FC ha llegado formalmente a su fin. La instituci\u00f3n blanca confirm\u00f3 la rescisi\u00f3n de contrato por mutuo acuerdo con el estratega chileno, concluyendo una etapa marcada por la irregularidad en el arranque del Torneo Apertura 2026 y una creciente tensi\u00f3n con la grada.<\/p>\n\n\n\n<figure class=\"wp-block-image size-large\"><img loading=\"lazy\" decoding=\"async\" width=\"723\" height=\"1024\" src=\"https:\/\/antiguaesportiva.com\/revista\/wp-content\/uploads\/2026\/08\/Ifs-carreras-27-723x1024.jpg\" alt=\"\" class=\"wp-image-15346\" srcset=\"https:\/\/antiguaesportiva.com\/revista\/wp-content\/uploads\/2026\/08\/Ifs-carreras-27-723x1024.jpg 723w, https:\/\/antiguaesportiva.com\/revista\/wp-content\/uploads\/2026\/08\/Ifs-carreras-27-212x300.jpg 212w, https:\/\/antiguaesportiva.com\/revista\/wp-content\/uploads\/2026\/08\/Ifs-carreras-27-768x1087.jpg 768w, https:\/\/antiguaesportiva.com\/revista\/wp-content\/uploads\/2026\/08\/Ifs-carreras-27-554x784.jpg 554w, https:\/\/antiguaesportiva.com\/revista\/wp-content\/uploads\/2026\/08\/Ifs-carreras-27.jpg 1000w\" sizes=\"auto, (max-width: 723px) 100vw, 723px\" \/><\/figure>\n\n\n\n<h2 class=\"wp-block-heading\"><strong>El Cl\u00e1sico 338 marc\u00f3 el desenlace<\/strong><\/h2>\n\n\n\n<p class=\"wp-block-paragraph\">La derrota 0-1 ante Municipal en la sexta jornada del certamen fue el detonante definitivo para la salida del t\u00e9cnico. La ca\u00edda en el cl\u00e1sico nacional no solo afect\u00f3 el panorama num\u00e9rico del club, sino que aceler\u00f3 el desgaste entre el cuerpo t\u00e9cnico y la parcialidad crema, que manifest\u00f3 abiertamente su inconformidad en el recinto deportivo. En apenas seis fechas disputadas, el balance deportivo no logr\u00f3 sostener la continuidad de la reestructuraci\u00f3n planeada a inicios de la temporada.<\/p>\n\n\n\n<h2 class=\"wp-block-heading\"><strong>Reconstrucci\u00f3n estrat\u00e9gica y la postura de la afici\u00f3n<\/strong><\/h2>\n\n\n\n<p class=\"wp-block-paragraph\">Con la vacante en el banquillo, la directiva del conjunto albo enfrenta un punto de inflexi\u00f3n crucial para el resto del campeonato. El proceso de selecci\u00f3n para el nuevo director t\u00e9cnico exigir\u00e1 un an\u00e1lisis detallado sobre el perfil t\u00e1ctico que requiere el plantel para retomar la competitividad en los puestos altos de la tabla.<\/p>\n\n\n\n<p class=\"wp-block-paragraph\">Al mismo tiempo, el entorno institucional reconoce la relevancia del respaldo popular en este momento de transici\u00f3n. La restauraci\u00f3n de la confianza entre el equipo y su fanaticada se perfila como uno de los ejes clave para la directiva, que buscar\u00e1 un liderazgo capaz de devolver la estabilidad deportiva y responder a las exigencias de la afici\u00f3n en la lucha por el t\u00edtulo.<\/p>\n","protected":false},"excerpt":{"rendered":"<p>El proyecto de Marco Antonio Figueroa al frente de Comunicaciones FC ha llegado formalmente a su fin. La instituci\u00f3n blanca confirm\u00f3 la rescisi\u00f3n de contrato por mutuo acuerdo con el estratega chileno, concluyendo una etapa marcada por la irregularidad en el arranque del Torneo Apertura 2026 y una creciente tensi\u00f3n con la grada. El Cl\u00e1sico [&hellip;]<\/p>\n","protected":false},"author":9,"featured_media":15502,"comment_status":"closed","ping_status":"closed","sticky":false,"template":"","format":"standard","meta":{"footnotes":""},"categories":[31],"tags":[47,1180,1555,291,56,55,1437,1483,1794],"class_list":["post-15501","post","type-post","status-publish","format-standard","has-post-thumbnail","hentry","category-liga-nacional","tag-antigua-esportiva","tag-comunicaciones-2","tag-el-fantasma","tag-guatemala","tag-liga-nacional","tag-liga-nacional-de-futbol-de-guatemala","tag-marco-antonio-figueroa","tag-sofia-melgar","tag-torneo-apertura-2026"],"_links":{"self":[{"href":"https:\/\/antiguaesportiva.com\/revista\/wp-json\/wp\/v2\/posts\/15501","targetHints":{"allow":["GET"]}}],"collection":[{"href":"https:\/\/antiguaesportiva.com\/revista\/wp-json\/wp\/v2\/posts"}],"about":[{"href":"https:\/\/antiguaesportiva.com\/revista\/wp-json\/wp\/v2\/types\/post"}],"author":[{"embeddable":true,"href":"https:\/\/antiguaesportiva.com\/revista\/wp-json\/wp\/v2\/users\/9"}],"replies":[{"embeddable":true,"href":"https:\/\/antiguaesportiva.com\/revista\/wp-json\/wp\/v2\/comments?post=15501"}],"version-history":[{"count":1,"href":"https:\/\/antiguaesportiva.com\/revista\/wp-json\/wp\/v2\/posts\/15501\/revisions"}],"predecessor-version":[{"id":15503,"href":"https:\/\/antiguaesportiva.com\/revista\/wp-json\/wp\/v2\/posts\/15501\/revisions\/15503"}],"wp:featuredmedia":[{"embeddable":true,"href":"https:\/\/antiguaesportiva.com\/revista\/wp-json\/wp\/v2\/media\/15502"}],"wp:attachment":[{"href":"https:\/\/antiguaesportiva.com\/revista\/wp-json\/wp\/v2\/media?parent=15501"}],"wp:term":[{"taxonomy":"category","embeddable":true,"href":"https:\/\/antiguaesportiva.com\/revista\/wp-json\/wp\/v2\/categories?post=15501"},{"taxonomy":"post_tag","embeddable":true,"href":"https:\/\/antiguaesportiva.com\/revista\/wp-json\/wp\/v2\/tags?post=15501"}],"curies":[{"name":"wp","href":"https:\/\/api.w.org\/{rel}","templated":true}]}}