{"id":15493,"date":"2026-08-31T13:59:57","date_gmt":"2026-08-31T19:59:57","guid":{"rendered":"https:\/\/antiguaesportiva.com\/revista\/?p=15493"},"modified":"2026-08-31T13:59:59","modified_gmt":"2026-08-31T19:59:59","slug":"roberto-hernandez-en-el-futbol-no-hay-formulas","status":"publish","type":"post","link":"https:\/\/antiguaesportiva.com\/revista\/2026\/08\/31\/roberto-hernandez-en-el-futbol-no-hay-formulas\/","title":{"rendered":"Roberto Hern\u00e1ndez: &#8220;En el f\u00fatbol no hay f\u00f3rmulas&#8221;"},"content":{"rendered":"\n<p class=\"wp-block-paragraph\"><strong>El entrenador de Xelaj\u00fa MC valor\u00f3 la victoria del conjunto altense, explic\u00f3 los ajustes t\u00e1cticos utilizados en el encuentro y asumi\u00f3 con autocr\u00edtica la reciente eliminaci\u00f3n internacional.<\/strong><\/p>\n\n\n\n<p class=\"wp-block-paragraph\"><strong>F<\/strong><\/p>\n\n\n\n<p class=\"wp-block-paragraph\">El estratega mexicano analiz\u00f3 las modificaciones presentadas en la alineaci\u00f3n titular y dej\u00f3 en claro que no mantiene un sistema de juego r\u00edgido. Explic\u00f3 que la intenci\u00f3n del cuerpo t\u00e9cnico es adaptar el dibujo t\u00e1ctico seg\u00fan las exigencias del oponente para maximizar el rendimiento del plantel en la cancha.<\/p>\n\n\n\n<figure class=\"wp-block-image size-large\"><img loading=\"lazy\" decoding=\"async\" width=\"723\" height=\"1024\" src=\"https:\/\/antiguaesportiva.com\/revista\/wp-content\/uploads\/2026\/08\/ifs-biologia-2027-723x1024.jpg\" alt=\"\" class=\"wp-image-15345\" srcset=\"https:\/\/antiguaesportiva.com\/revista\/wp-content\/uploads\/2026\/08\/ifs-biologia-2027-723x1024.jpg 723w, https:\/\/antiguaesportiva.com\/revista\/wp-content\/uploads\/2026\/08\/ifs-biologia-2027-212x300.jpg 212w, https:\/\/antiguaesportiva.com\/revista\/wp-content\/uploads\/2026\/08\/ifs-biologia-2027-768x1087.jpg 768w, https:\/\/antiguaesportiva.com\/revista\/wp-content\/uploads\/2026\/08\/ifs-biologia-2027-554x784.jpg 554w, https:\/\/antiguaesportiva.com\/revista\/wp-content\/uploads\/2026\/08\/ifs-biologia-2027.jpg 1000w\" sizes=\"auto, (max-width: 723px) 100vw, 723px\" \/><\/figure>\n\n\n\n<blockquote class=\"wp-block-quote is-layout-flow wp-block-quote-is-layout-flow\">\n<p class=\"wp-block-paragraph\">&#8220;F\u00f3rmulas no hay, y uno como entrenador tiene que tratar de encontrarlas con las herramientas que tiene. No estoy peleado con la l\u00ednea de cuatro, como tampoco estoy casado con la de tres o la de cinco. Este equipo sabe jugar bien con ambas formaciones; sencillamente utilizamos la que creemos que le puede hacer m\u00e1s da\u00f1o al rival, y hoy nos sali\u00f3&#8221;, declar\u00f3 Hern\u00e1ndez.<\/p>\n<\/blockquote>\n\n\n\n<h2 class=\"wp-block-heading\"><strong>P\u00e1gina pasada y enfoque en la liga<\/strong><\/h2>\n\n\n\n<p class=\"wp-block-paragraph\">El director t\u00e9cnico revel\u00f3 que sostuvo una charla directa con el grupo de jugadores para cerrar filas, dejar atr\u00e1s los tropiezos recientes y concentrarse de lleno en el torneo local. La victoria resulta clave para que el cuadro superchivo se mantenga en la pelea por los primeros lugares del grupo, tomando en cuenta que todav\u00eda tienen un compromiso pendiente en el calendario.<\/p>\n\n\n\n<h2 class=\"wp-block-heading\"><strong>Autocr\u00edtica en el plano internacional<\/strong><\/h2>\n\n\n\n<p class=\"wp-block-paragraph\">Sin buscar excusas sobre el rendimiento mostrado en el certamen regional, el entrenador altense asumi\u00f3 la responsabilidad por los resultados obtenidos y reconoci\u00f3 la exigencia de los rivales cuando juegan en condici\u00f3n de local.<\/p>\n\n\n\n<blockquote class=\"wp-block-quote is-layout-flow wp-block-quote-is-layout-flow\">\n<p class=\"wp-block-paragraph\">&#8220;Tengo claro que fracasamos. Fracas\u00e9 como entrenador y fracasamos como equipo en ese torneo, es una realidad que no podemos esconder. Me sorprendi\u00f3 el nivel, los equipos se hacen muy fuertes de local. Fue una muy mala historia, pero no nos queda m\u00e1s que hacer un buen torneo para volver a meternos a una copa m\u00e1s&#8221;, concluy\u00f3.<\/p>\n<\/blockquote>\n","protected":false},"excerpt":{"rendered":"<p>El entrenador de Xelaj\u00fa MC valor\u00f3 la victoria del conjunto altense, explic\u00f3 los ajustes t\u00e1cticos utilizados en el encuentro y asumi\u00f3 con autocr\u00edtica la reciente eliminaci\u00f3n internacional. F El estratega mexicano analiz\u00f3 las modificaciones presentadas en la alineaci\u00f3n titular y dej\u00f3 en claro que no mantiene un sistema de juego r\u00edgido. Explic\u00f3 que la intenci\u00f3n [&hellip;]<\/p>\n","protected":false},"author":9,"featured_media":15494,"comment_status":"closed","ping_status":"closed","sticky":false,"template":"","format":"standard","meta":{"footnotes":""},"categories":[31],"tags":[47,1519,291,56,55,1483,1794,1239],"class_list":["post-15493","post","type-post","status-publish","format-standard","has-post-thumbnail","hentry","category-liga-nacional","tag-antigua-esportiva","tag-dt-roberto-hernandez","tag-guatemala","tag-liga-nacional","tag-liga-nacional-de-futbol-de-guatemala","tag-sofia-melgar","tag-torneo-apertura-2026","tag-xelaju-mc-2"],"_links":{"self":[{"href":"https:\/\/antiguaesportiva.com\/revista\/wp-json\/wp\/v2\/posts\/15493","targetHints":{"allow":["GET"]}}],"collection":[{"href":"https:\/\/antiguaesportiva.com\/revista\/wp-json\/wp\/v2\/posts"}],"about":[{"href":"https:\/\/antiguaesportiva.com\/revista\/wp-json\/wp\/v2\/types\/post"}],"author":[{"embeddable":true,"href":"https:\/\/antiguaesportiva.com\/revista\/wp-json\/wp\/v2\/users\/9"}],"replies":[{"embeddable":true,"href":"https:\/\/antiguaesportiva.com\/revista\/wp-json\/wp\/v2\/comments?post=15493"}],"version-history":[{"count":1,"href":"https:\/\/antiguaesportiva.com\/revista\/wp-json\/wp\/v2\/posts\/15493\/revisions"}],"predecessor-version":[{"id":15495,"href":"https:\/\/antiguaesportiva.com\/revista\/wp-json\/wp\/v2\/posts\/15493\/revisions\/15495"}],"wp:featuredmedia":[{"embeddable":true,"href":"https:\/\/antiguaesportiva.com\/revista\/wp-json\/wp\/v2\/media\/15494"}],"wp:attachment":[{"href":"https:\/\/antiguaesportiva.com\/revista\/wp-json\/wp\/v2\/media?parent=15493"}],"wp:term":[{"taxonomy":"category","embeddable":true,"href":"https:\/\/antiguaesportiva.com\/revista\/wp-json\/wp\/v2\/categories?post=15493"},{"taxonomy":"post_tag","embeddable":true,"href":"https:\/\/antiguaesportiva.com\/revista\/wp-json\/wp\/v2\/tags?post=15493"}],"curies":[{"name":"wp","href":"https:\/\/api.w.org\/{rel}","templated":true}]}}