{"id":15489,"date":"2026-08-31T13:37:31","date_gmt":"2026-08-31T19:37:31","guid":{"rendered":"https:\/\/antiguaesportiva.com\/revista\/?p=15489"},"modified":"2026-08-31T13:37:33","modified_gmt":"2026-08-31T19:37:33","slug":"lionel-messi-cierra-su-historia-en-la-seleccion-argentina-y-confirma-su-retiro-internacional","status":"publish","type":"post","link":"https:\/\/antiguaesportiva.com\/revista\/2026\/08\/31\/lionel-messi-cierra-su-historia-en-la-seleccion-argentina-y-confirma-su-retiro-internacional\/","title":{"rendered":"Lionel Messi cierra su historia en la Selecci\u00f3n Argentina y confirma su retiro internacional"},"content":{"rendered":"\n<p class=\"wp-block-paragraph\"> La era m\u00e1s ic\u00f3nica en la historia del f\u00fatbol internacional ha llegado a su fin. Lionel Messi anunci\u00f3 oficialmente su retiro de la Selecci\u00f3n Argentina a trav\u00e9s de sus plataformas digitales, marcando el cierre de una trayectoria de m\u00e1s de dos d\u00e9cadas defendiendo la camiseta albiceleste. El astro rosarino comparti\u00f3 un emotivo texto escrito de pu\u00f1o y letra el pasado 21 de julio, apenas 48 horas despu\u00e9s del cierre de la Copa del Mundo 2026.<\/p>\n\n\n\n<p class=\"wp-block-paragraph\">La noticia sacudi\u00f3 de inmediato al ecosistema deportivo global. Tras meses de especulaciones respecto a su eventual participaci\u00f3n en la Copa Am\u00e9rica 2028, el capit\u00e1n argentino disip\u00f3 cualquier duda al confirmar que su ciclo con el combinado nacional est\u00e1 definitivamente concluido.<\/p>\n\n\n\n<figure class=\"wp-block-image size-full\"><img loading=\"lazy\" decoding=\"async\" width=\"700\" height=\"250\" src=\"https:\/\/antiguaesportiva.com\/revista\/wp-content\/uploads\/2025\/12\/fisiocas-web.png\" alt=\"\" class=\"wp-image-11081\" srcset=\"https:\/\/antiguaesportiva.com\/revista\/wp-content\/uploads\/2025\/12\/fisiocas-web.png 700w, https:\/\/antiguaesportiva.com\/revista\/wp-content\/uploads\/2025\/12\/fisiocas-web-300x107.png 300w, https:\/\/antiguaesportiva.com\/revista\/wp-content\/uploads\/2025\/12\/fisiocas-web-554x198.png 554w\" sizes=\"auto, (max-width: 700px) 100vw, 700px\" \/><figcaption class=\"wp-element-caption\">Fisioterapia<\/figcaption><\/figure>\n\n\n\n<h2 class=\"wp-block-heading\"><strong>El mensaje del capit\u00e1n: &#8220;Me vaci\u00e9, ya no tengo m\u00e1s para dar&#8221;<\/strong><\/h2>\n\n\n\n<p class=\"wp-block-paragraph\">En la carta publicada en sus redes sociales \u2014acompa\u00f1ada posteriormente por un video conmemorativo\u2014, el diez explic\u00f3 los motivos de una decisi\u00f3n profunda y meditada tras el recorrido vivido en los torneos m\u00e1s exigentes del planeta.<\/p>\n\n\n\n<blockquote class=\"wp-block-quote is-layout-flow wp-block-quote-is-layout-flow\">\n<p class=\"wp-block-paragraph\">&#8220;Fue una decisi\u00f3n que doli\u00f3 y duele en el alma, pero entiendo que es el momento. Les juro que siempre dej\u00e9 todo&#8230; Me vaci\u00e9, ya no tengo m\u00e1s para dar y aparte vienen chicos muy grandes atr\u00e1s que merecen estar&#8221;, expres\u00f3 el capit\u00e1n en uno de los fragmentos m\u00e1s significativos de su escrito.<\/p>\n<\/blockquote>\n\n\n\n<p class=\"wp-block-paragraph\">Messi aprovech\u00f3 la oportunidad para extender un agradecimiento a la afici\u00f3n, a sus compa\u00f1eros, cuerpos t\u00e9cnicos y dirigentes que lo acompa\u00f1aron desde su debut internacional. Asimismo, reafirm\u00f3 su respaldo incondicional a la Selecci\u00f3n en su nueva faceta como aficionado: &#8220;Ahora voy a ser uno m\u00e1s de ustedes, alentando y bancando siempre desde afuera&#8221;.<\/p>\n\n\n\n<h2 class=\"wp-block-heading\"><strong>Un legado imborrable en el f\u00fatbol mundial<\/strong><\/h2>\n\n\n\n<p class=\"wp-block-paragraph\">Con esta decisi\u00f3n, el atacante pone fin a una carrera internacional caracterizada por la resiliencia y el \u00e9xito absoluto. Tras a\u00f1os de finales disputadas y una exigencia constante, la etapa reciente del capit\u00e1n concluy\u00f3 con la consecuci\u00f3n de todos los t\u00edtulos posibles a nivel de selecciones, consolidando un impacto generacional que trasciende las estad\u00edsticas.<\/p>\n\n\n\n<p class=\"wp-block-paragraph\">El impacto del anuncio gener\u00f3 una ola de reacciones entre figuras del deporte, instituciones y aficionados de todo el mundo, quienes han volcado mensajes de reconocimiento hacia el legado del futbolista que port\u00f3 la cinta de capit\u00e1n argentina durante la \u00e9poca m\u00e1s gloriosa del balompi\u00e9 sudamericano reciente.<\/p>\n","protected":false},"excerpt":{"rendered":"<p>La era m\u00e1s ic\u00f3nica en la historia del f\u00fatbol internacional ha llegado a su fin. Lionel Messi anunci\u00f3 oficialmente su retiro de la Selecci\u00f3n Argentina a trav\u00e9s de sus plataformas digitales, marcando el cierre de una trayectoria de m\u00e1s de dos d\u00e9cadas defendiendo la camiseta albiceleste. El astro rosarino comparti\u00f3 un emotivo texto escrito de [&hellip;]<\/p>\n","protected":false},"author":9,"featured_media":15490,"comment_status":"closed","ping_status":"closed","sticky":false,"template":"","format":"standard","meta":{"footnotes":""},"categories":[36],"tags":[47,141,166,1022,2133,2132,1483],"class_list":["post-15489","post","type-post","status-publish","format-standard","has-post-thumbnail","hentry","category-futbol-internacional","tag-antigua-esportiva","tag-futbol-internacional","tag-lionel-messi","tag-mundial-2026","tag-retiro-de-messi","tag-seleccion-de-argentina-2","tag-sofia-melgar"],"_links":{"self":[{"href":"https:\/\/antiguaesportiva.com\/revista\/wp-json\/wp\/v2\/posts\/15489","targetHints":{"allow":["GET"]}}],"collection":[{"href":"https:\/\/antiguaesportiva.com\/revista\/wp-json\/wp\/v2\/posts"}],"about":[{"href":"https:\/\/antiguaesportiva.com\/revista\/wp-json\/wp\/v2\/types\/post"}],"author":[{"embeddable":true,"href":"https:\/\/antiguaesportiva.com\/revista\/wp-json\/wp\/v2\/users\/9"}],"replies":[{"embeddable":true,"href":"https:\/\/antiguaesportiva.com\/revista\/wp-json\/wp\/v2\/comments?post=15489"}],"version-history":[{"count":1,"href":"https:\/\/antiguaesportiva.com\/revista\/wp-json\/wp\/v2\/posts\/15489\/revisions"}],"predecessor-version":[{"id":15491,"href":"https:\/\/antiguaesportiva.com\/revista\/wp-json\/wp\/v2\/posts\/15489\/revisions\/15491"}],"wp:featuredmedia":[{"embeddable":true,"href":"https:\/\/antiguaesportiva.com\/revista\/wp-json\/wp\/v2\/media\/15490"}],"wp:attachment":[{"href":"https:\/\/antiguaesportiva.com\/revista\/wp-json\/wp\/v2\/media?parent=15489"}],"wp:term":[{"taxonomy":"category","embeddable":true,"href":"https:\/\/antiguaesportiva.com\/revista\/wp-json\/wp\/v2\/categories?post=15489"},{"taxonomy":"post_tag","embeddable":true,"href":"https:\/\/antiguaesportiva.com\/revista\/wp-json\/wp\/v2\/tags?post=15489"}],"curies":[{"name":"wp","href":"https:\/\/api.w.org\/{rel}","templated":true}]}}