{"id":15474,"date":"2026-08-30T15:30:33","date_gmt":"2026-08-30T21:30:33","guid":{"rendered":"https:\/\/antiguaesportiva.com\/revista\/?p=15474"},"modified":"2026-08-30T15:30:34","modified_gmt":"2026-08-30T21:30:34","slug":"antigua-gfc-categoria-especial-golea-a-deportivo-san-pedro","status":"publish","type":"post","link":"https:\/\/antiguaesportiva.com\/revista\/2026\/08\/30\/antigua-gfc-categoria-especial-golea-a-deportivo-san-pedro\/","title":{"rendered":"Antigua GFC Categor\u00eda Especial golea a Deportivo San Pedro"},"content":{"rendered":"\n<p class=\"wp-block-paragraph\"><strong>Los coloniales dominaron el encuentro de principio a fin y se llevaron una contundente victoria de 6-1.<\/strong><\/p>\n\n\n\n<p class=\"wp-block-paragraph\">En un despliegue de efectividad y absoluto control t\u00e1ctico, la categor\u00eda especial de Antigua GFC firm\u00f3 una actuaci\u00f3n memorable en su visita al Deportivo San Pedro, imponi\u00e9ndose con un holgado marcador de 6-1 en la jornada del torneo juvenil.<\/p>\n\n\n\n<figure class=\"wp-block-image size-large\"><img loading=\"lazy\" decoding=\"async\" width=\"723\" height=\"1024\" src=\"https:\/\/antiguaesportiva.com\/revista\/wp-content\/uploads\/2026\/08\/ifs-biologia-2027-723x1024.jpg\" alt=\"\" class=\"wp-image-15345\" srcset=\"https:\/\/antiguaesportiva.com\/revista\/wp-content\/uploads\/2026\/08\/ifs-biologia-2027-723x1024.jpg 723w, https:\/\/antiguaesportiva.com\/revista\/wp-content\/uploads\/2026\/08\/ifs-biologia-2027-212x300.jpg 212w, https:\/\/antiguaesportiva.com\/revista\/wp-content\/uploads\/2026\/08\/ifs-biologia-2027-768x1087.jpg 768w, https:\/\/antiguaesportiva.com\/revista\/wp-content\/uploads\/2026\/08\/ifs-biologia-2027-554x784.jpg 554w, https:\/\/antiguaesportiva.com\/revista\/wp-content\/uploads\/2026\/08\/ifs-biologia-2027.jpg 1000w\" sizes=\"auto, (max-width: 723px) 100vw, 723px\" \/><\/figure>\n\n\n\n<h2 class=\"wp-block-heading\"><strong>Dominio absoluto de la plantilla colonial<\/strong><\/h2>\n\n\n\n<p class=\"wp-block-paragraph\">Desde el pitazo inicial, el conjunto aguacatero tom\u00f3 la iniciativa del encuentro, adue\u00f1\u00e1ndose de la posesi\u00f3n del bal\u00f3n y dictando el ritmo del juego en todas sus l\u00edneas. La presi\u00f3n alta y la fluidez en la circulaci\u00f3n del bal\u00f3n desarticularon r\u00e1pidamente el esquema defensivo del cuadro local, permitiendo que la ofensiva colonial encontrara espacios para generar constantes ocasiones de gol.<\/p>\n\n\n\n<p class=\"wp-block-paragraph\">El dominio se tradujo r\u00e1pidamente en el marcador, donde la contundencia de los delanteros de Antigua GFC no dio tregua a la saga de los &#8220;S\u00faper Gallos&#8221;, que se vieron superados ante la intensidad y precisi\u00f3n del rival.<\/p>\n\n\n\n<h2 class=\"wp-block-heading\"><strong>San Pedro encuentra el tanto del honor<\/strong><\/h2>\n\n\n\n<p class=\"wp-block-paragraph\">A pesar del panorama adverso y la superioridad futbol\u00edstica del rival, el Deportivo San Pedro no baj\u00f3 los brazos por completo. En una jugada aislada durante el desarrollo del compromiso, la escuadra local logr\u00f3 capitalizar su \u00fanica opci\u00f3n clara frente al arco para anotar el gol del honor, haciendo festejar a su afici\u00f3n en un partido cuesta arriba.<\/p>\n","protected":false},"excerpt":{"rendered":"<p>Los coloniales dominaron el encuentro de principio a fin y se llevaron una contundente victoria de 6-1. En un despliegue de efectividad y absoluto control t\u00e1ctico, la categor\u00eda especial de Antigua GFC firm\u00f3 una actuaci\u00f3n memorable en su visita al Deportivo San Pedro, imponi\u00e9ndose con un holgado marcador de 6-1 en la jornada del torneo [&hellip;]<\/p>\n","protected":false},"author":9,"featured_media":15475,"comment_status":"closed","ping_status":"closed","sticky":false,"template":"","format":"standard","meta":{"footnotes":""},"categories":[34],"tags":[2131,47,45,56,55,1483,1794],"class_list":["post-15474","post","type-post","status-publish","format-standard","has-post-thumbnail","hentry","category-fuerzas-basicas","tag-antigua-categoria-especial-2","tag-antigua-esportiva","tag-antigua-gfc","tag-liga-nacional","tag-liga-nacional-de-futbol-de-guatemala","tag-sofia-melgar","tag-torneo-apertura-2026"],"_links":{"self":[{"href":"https:\/\/antiguaesportiva.com\/revista\/wp-json\/wp\/v2\/posts\/15474","targetHints":{"allow":["GET"]}}],"collection":[{"href":"https:\/\/antiguaesportiva.com\/revista\/wp-json\/wp\/v2\/posts"}],"about":[{"href":"https:\/\/antiguaesportiva.com\/revista\/wp-json\/wp\/v2\/types\/post"}],"author":[{"embeddable":true,"href":"https:\/\/antiguaesportiva.com\/revista\/wp-json\/wp\/v2\/users\/9"}],"replies":[{"embeddable":true,"href":"https:\/\/antiguaesportiva.com\/revista\/wp-json\/wp\/v2\/comments?post=15474"}],"version-history":[{"count":1,"href":"https:\/\/antiguaesportiva.com\/revista\/wp-json\/wp\/v2\/posts\/15474\/revisions"}],"predecessor-version":[{"id":15476,"href":"https:\/\/antiguaesportiva.com\/revista\/wp-json\/wp\/v2\/posts\/15474\/revisions\/15476"}],"wp:featuredmedia":[{"embeddable":true,"href":"https:\/\/antiguaesportiva.com\/revista\/wp-json\/wp\/v2\/media\/15475"}],"wp:attachment":[{"href":"https:\/\/antiguaesportiva.com\/revista\/wp-json\/wp\/v2\/media?parent=15474"}],"wp:term":[{"taxonomy":"category","embeddable":true,"href":"https:\/\/antiguaesportiva.com\/revista\/wp-json\/wp\/v2\/categories?post=15474"},{"taxonomy":"post_tag","embeddable":true,"href":"https:\/\/antiguaesportiva.com\/revista\/wp-json\/wp\/v2\/tags?post=15474"}],"curies":[{"name":"wp","href":"https:\/\/api.w.org\/{rel}","templated":true}]}}