{"id":15471,"date":"2026-08-30T14:38:19","date_gmt":"2026-08-30T20:38:19","guid":{"rendered":"https:\/\/antiguaesportiva.com\/revista\/?p=15471"},"modified":"2026-08-30T14:38:20","modified_gmt":"2026-08-30T20:38:20","slug":"paso-perfecto-del-real-madrid","status":"publish","type":"post","link":"https:\/\/antiguaesportiva.com\/revista\/2026\/08\/30\/paso-perfecto-del-real-madrid\/","title":{"rendered":"PASO PERFECTO DEL REAL MADRID"},"content":{"rendered":"\n<p class=\"wp-block-paragraph\">El Real Madrid prolong\u00f3 su arranque arrollador en el inicio de LaLiga 2026-27 tras firmar una actuaci\u00f3n s\u00f3lida que confirma las buenas sensaciones del arranque liguero. En el duelo correspondiente a la tercera jornada, el conjunto dirigido por Jos\u00e9 Mourinho super\u00f3 con contundencia al M\u00e1laga, amarrando tres puntos clave que le permiten mantener la puntuaci\u00f3n perfecta en la tabla general.<\/p>\n\n\n\n<p class=\"wp-block-paragraph\">El equipo blanco impuso su ritmo desde los primeros minutos, desplegando un juego ofensivo din\u00e1mico y seguro en todas sus l\u00edneas. La fluidez en el medio campo y la efectividad en la zona de definici\u00f3n terminaron por desgastar a un conjunto andaluz que encontr\u00f3 pocas oportunidades para contrarrestar el dominio local.<\/p>\n\n\n\n<figure class=\"wp-block-image size-large\"><img loading=\"lazy\" decoding=\"async\" width=\"723\" height=\"1024\" src=\"https:\/\/antiguaesportiva.com\/revista\/wp-content\/uploads\/2026\/08\/Ifs-carreras-27-723x1024.jpg\" alt=\"\" class=\"wp-image-15346\" srcset=\"https:\/\/antiguaesportiva.com\/revista\/wp-content\/uploads\/2026\/08\/Ifs-carreras-27-723x1024.jpg 723w, https:\/\/antiguaesportiva.com\/revista\/wp-content\/uploads\/2026\/08\/Ifs-carreras-27-212x300.jpg 212w, https:\/\/antiguaesportiva.com\/revista\/wp-content\/uploads\/2026\/08\/Ifs-carreras-27-768x1087.jpg 768w, https:\/\/antiguaesportiva.com\/revista\/wp-content\/uploads\/2026\/08\/Ifs-carreras-27-554x784.jpg 554w, https:\/\/antiguaesportiva.com\/revista\/wp-content\/uploads\/2026\/08\/Ifs-carreras-27.jpg 1000w\" sizes=\"auto, (max-width: 723px) 100vw, 723px\" \/><\/figure>\n\n\n\n<h2 class=\"wp-block-heading\"><strong>Liderazgo de impacto tras la cita mundialista<\/strong><\/h2>\n\n\n\n<p class=\"wp-block-paragraph\">El gran momento del cuadro merengue responde en gran medida al rendimiento individual de sus principales referentes. Jude Bellingham y Kylian Mbapp\u00e9 contin\u00faan marcando el comp\u00e1s del ataque madrile\u00f1o, trasladando al torneo local la inercia positiva y el nivel competitivo exhibidos durante la reciente Copa del Mundo 2026.<\/p>\n\n\n\n<p class=\"wp-block-paragraph\">La asociaci\u00f3n entre el centrocampista brit\u00e1nico y el atacante galo volvi\u00f3 a ser determinante para desarticular la estructura defensiva rival. Bellingham aport\u00f3 claridad en la creaci\u00f3n y llegada desde segunda l\u00ednea, mientras que Mbapp\u00e9 represent\u00f3 una amenaza constante al espacio, consolid\u00e1ndose ambos como las piezas centrales del esquema t\u00e1ctico de Mourinho.<\/p>\n\n\n\n<h2 class=\"wp-block-heading\"><strong>Paso firme en la cima del campeonato<\/strong><\/h2>\n\n\n\n<p class=\"wp-block-paragraph\">Con este resultado, la entidad de la capital espa\u00f1ola suma nueve puntos de nueve posibles, coloc\u00e1ndose en la parte alta de la clasificaci\u00f3n y dejando buenas sensaciones en la afici\u00f3n. El triunfo no solo ratifica la regularidad del plantel en este arranque de curso, sino que reafirma sus aspiraciones para pelear por el t\u00edtulo de liga.<\/p>\n\n\n\n<p class=\"wp-block-paragraph\">El Real Madrid enfocar\u00eda ahora su trabajo semanal en mantener el tono f\u00edsico y la eficacia t\u00e1ctica de cara a sus pr\u00f3ximos compromisos, en un calendario que comenzar\u00e1 a exigir mayor rotaci\u00f3n con el inicio de las competiciones continentales.<\/p>\n","protected":false},"excerpt":{"rendered":"<p>El Real Madrid prolong\u00f3 su arranque arrollador en el inicio de LaLiga 2026-27 tras firmar una actuaci\u00f3n s\u00f3lida que confirma las buenas sensaciones del arranque liguero. En el duelo correspondiente a la tercera jornada, el conjunto dirigido por Jos\u00e9 Mourinho super\u00f3 con contundencia al M\u00e1laga, amarrando tres puntos clave que le permiten mantener la puntuaci\u00f3n [&hellip;]<\/p>\n","protected":false},"author":9,"featured_media":15472,"comment_status":"closed","ping_status":"closed","sticky":false,"template":"","format":"standard","meta":{"footnotes":""},"categories":[36],"tags":[47,2109,2104,1993,90,58,1483],"class_list":["post-15471","post","type-post","status-publish","format-standard","has-post-thumbnail","hentry","category-futbol-internacional","tag-antigua-esportiva","tag-futbol-espanol","tag-jose-mourinho-2","tag-jude-bellingham","tag-la-liga","tag-real-madrid","tag-sofia-melgar"],"_links":{"self":[{"href":"https:\/\/antiguaesportiva.com\/revista\/wp-json\/wp\/v2\/posts\/15471","targetHints":{"allow":["GET"]}}],"collection":[{"href":"https:\/\/antiguaesportiva.com\/revista\/wp-json\/wp\/v2\/posts"}],"about":[{"href":"https:\/\/antiguaesportiva.com\/revista\/wp-json\/wp\/v2\/types\/post"}],"author":[{"embeddable":true,"href":"https:\/\/antiguaesportiva.com\/revista\/wp-json\/wp\/v2\/users\/9"}],"replies":[{"embeddable":true,"href":"https:\/\/antiguaesportiva.com\/revista\/wp-json\/wp\/v2\/comments?post=15471"}],"version-history":[{"count":1,"href":"https:\/\/antiguaesportiva.com\/revista\/wp-json\/wp\/v2\/posts\/15471\/revisions"}],"predecessor-version":[{"id":15473,"href":"https:\/\/antiguaesportiva.com\/revista\/wp-json\/wp\/v2\/posts\/15471\/revisions\/15473"}],"wp:featuredmedia":[{"embeddable":true,"href":"https:\/\/antiguaesportiva.com\/revista\/wp-json\/wp\/v2\/media\/15472"}],"wp:attachment":[{"href":"https:\/\/antiguaesportiva.com\/revista\/wp-json\/wp\/v2\/media?parent=15471"}],"wp:term":[{"taxonomy":"category","embeddable":true,"href":"https:\/\/antiguaesportiva.com\/revista\/wp-json\/wp\/v2\/categories?post=15471"},{"taxonomy":"post_tag","embeddable":true,"href":"https:\/\/antiguaesportiva.com\/revista\/wp-json\/wp\/v2\/tags?post=15471"}],"curies":[{"name":"wp","href":"https:\/\/api.w.org\/{rel}","templated":true}]}}