{"id":13163,"date":"2026-05-02T12:04:50","date_gmt":"2026-05-02T18:04:50","guid":{"rendered":"https:\/\/antiguaesportiva.com\/revista\/?p=13163"},"modified":"2026-05-02T12:06:05","modified_gmt":"2026-05-02T18:06:05","slug":"una-baja-que-duele-y-mucho","status":"publish","type":"post","link":"https:\/\/antiguaesportiva.com\/revista\/2026\/05\/02\/una-baja-que-duele-y-mucho\/","title":{"rendered":"Una baja que duele, y mucho"},"content":{"rendered":"\n<p class=\"has-black-color has-text-color has-link-color wp-elements-be417b50efec5a7dee8a71f2bd336c72\">Fern\u00e1ndez queda al margen de los Cuartos de Final (vuelta) ante Comunicaciones, por este motivo.<\/p>\n\n\n\n<p class=\"has-black-color has-text-color has-link-color wp-elements-a82d9a5114ba291ee0b6d05190087a5d\">La planificaci\u00f3n t\u00e1ctica de Antigua GFC ha sufrido un contratiempo significativo de cara al compromiso definitorio de este s\u00e1bado 2 de mayo. Diego Fern\u00e1ndez, quien se ha consolidado como el futbolista revelaci\u00f3n del Torneo Clausura 2026, ha vuelto a presentar complicaciones debido a una molestia muscular en el isquiotibial posterior. Esta r\u00e9plica de la lesi\u00f3n, que ya lo hab\u00eda marginado de la actividad en jornadas previas, obliga al cuerpo t\u00e9cnico a prescindir de una de sus piezas m\u00e1s desequilibrantes en el frente de ataque para el duelo de vuelta ante Comunicaciones FC.<\/p>\n\n\n\n<p class=\"has-black-color has-text-color has-link-color wp-elements-ebded3580e3d1ff3caf1d9b07d96a130\">A pesar de que el departamento m\u00e9dico del club &#8216;Colonial&#8217; tiene programada una serie de estudios cl\u00ednicos en los pr\u00f3ximos d\u00edas para determinar el alcance exacto de la lesi\u00f3n y los tiempos de recuperaci\u00f3n, se ha confirmado oficialmente que el extremo no entrar\u00e1 en la convocatoria para el choque en el Estadio Cementos Progreso. La ausencia de Fern\u00e1ndez representa un desaf\u00edo estructural para el esquema ofensivo del equipo, especialmente considerando el alto volumen de juego y la profundidad que el juvenil ha aportado por las bandas a lo largo del certamen.<\/p>\n\n\n\n<p class=\"has-black-color has-text-color has-link-color wp-elements-41adce19d3e294221251ba64d1ed3cff\">Ante este escenario, la responsabilidad de mantener la ventaja de 2-3 obtenida en el juego de ida recaer\u00e1 en las variantes ofensivas de la plantilla. Kevin Macare\u00f1o y Brayam Casta\u00f1eda emergen como las opciones naturales para ocupar la vacante en el once titular, asumiendo el rol de generar desborde y acompa\u00f1amiento en la \u00faltima l\u00ednea. El cuerpo t\u00e9cnico buscar\u00e1 en ellos la solidez necesaria para cerrar una serie de Cuartos de Final que, aunque favorable en el marcador global, demanda una ejecuci\u00f3n impecable para asegurar el boleto a las semifinales de la Liga Nacional.<\/p>\n","protected":false},"excerpt":{"rendered":"<p>Fern\u00e1ndez queda al margen de los Cuartos de Final (vuelta) ante Comunicaciones, por este motivo. La planificaci\u00f3n t\u00e1ctica de Antigua GFC ha sufrido un contratiempo significativo de cara al compromiso definitorio de este s\u00e1bado 2 de mayo. Diego Fern\u00e1ndez, quien se ha consolidado como el futbolista revelaci\u00f3n del Torneo Clausura 2026, ha vuelto a presentar [&hellip;]<\/p>\n","protected":false},"author":5,"featured_media":13006,"comment_status":"closed","ping_status":"closed","sticky":false,"template":"","format":"standard","meta":{"footnotes":""},"categories":[29,31],"tags":[47,45,1322,1649,48,49,56,55,1361],"class_list":["post-13163","post","type-post","status-publish","format-standard","has-post-thumbnail","hentry","category-antigua-gfc","category-liga-nacional","tag-antigua-esportiva","tag-antigua-gfc","tag-clausura-2026","tag-diego-fernandez-2","tag-kenny-rodas","tag-kenny-sports","tag-liga-nacional","tag-liga-nacional-de-futbol-de-guatemala","tag-torneo-clausura-2026"],"_links":{"self":[{"href":"https:\/\/antiguaesportiva.com\/revista\/wp-json\/wp\/v2\/posts\/13163","targetHints":{"allow":["GET"]}}],"collection":[{"href":"https:\/\/antiguaesportiva.com\/revista\/wp-json\/wp\/v2\/posts"}],"about":[{"href":"https:\/\/antiguaesportiva.com\/revista\/wp-json\/wp\/v2\/types\/post"}],"author":[{"embeddable":true,"href":"https:\/\/antiguaesportiva.com\/revista\/wp-json\/wp\/v2\/users\/5"}],"replies":[{"embeddable":true,"href":"https:\/\/antiguaesportiva.com\/revista\/wp-json\/wp\/v2\/comments?post=13163"}],"version-history":[{"count":2,"href":"https:\/\/antiguaesportiva.com\/revista\/wp-json\/wp\/v2\/posts\/13163\/revisions"}],"predecessor-version":[{"id":13165,"href":"https:\/\/antiguaesportiva.com\/revista\/wp-json\/wp\/v2\/posts\/13163\/revisions\/13165"}],"wp:featuredmedia":[{"embeddable":true,"href":"https:\/\/antiguaesportiva.com\/revista\/wp-json\/wp\/v2\/media\/13006"}],"wp:attachment":[{"href":"https:\/\/antiguaesportiva.com\/revista\/wp-json\/wp\/v2\/media?parent=13163"}],"wp:term":[{"taxonomy":"category","embeddable":true,"href":"https:\/\/antiguaesportiva.com\/revista\/wp-json\/wp\/v2\/categories?post=13163"},{"taxonomy":"post_tag","embeddable":true,"href":"https:\/\/antiguaesportiva.com\/revista\/wp-json\/wp\/v2\/tags?post=13163"}],"curies":[{"name":"wp","href":"https:\/\/api.w.org\/{rel}","templated":true}]}}