{"id":13157,"date":"2026-05-02T11:29:56","date_gmt":"2026-05-02T17:29:56","guid":{"rendered":"https:\/\/antiguaesportiva.com\/revista\/?p=13157"},"modified":"2026-05-02T11:29:57","modified_gmt":"2026-05-02T17:29:57","slug":"como-una-catedral-flaco-martinez-fuera-por-lesion","status":"publish","type":"post","link":"https:\/\/antiguaesportiva.com\/revista\/2026\/05\/02\/como-una-catedral-flaco-martinez-fuera-por-lesion\/","title":{"rendered":"Como una catedral, &#8216;Flaco&#8217; Mart\u00ednez fuera, POR LESI\u00d3N"},"content":{"rendered":"\n<p class=\"has-black-color has-text-color has-link-color wp-elements-3f58eb69a53a7c76fd9a1ee7b576b8d0\">El Club Social y Deportivo Municipal, confirma baja sensible: Jos\u00e9 Carlos Mart\u00ednez se pierde el resto de la Temporada.<\/p>\n\n\n\n<p class=\"has-black-color has-text-color has-link-color wp-elements-2be673dbd99a74a16d77f351f83c7b23\">Lo que inici\u00f3 como una preocupante salida por molestias f\u00edsicas durante el encuentro de ida ante Guastatoya, se transform\u00f3 este viernes en una certeza devastadora para las aspiraciones de CSD Municipal. El cuerpo m\u00e9dico del club confirm\u00f3 que el delantero Jos\u00e9 Carlos Mart\u00ednez sufri\u00f3 una rotura del tend\u00f3n de Aquiles, lesi\u00f3n que le obligar\u00e1 a pasar por el quir\u00f3fano y le descarta definitivamente para el cierre de la fase por el t\u00edtulo. La ausencia del &#8216;Flaco&#8217; representa un golpe estrat\u00e9gico de magnitudes considerables para el esquema &#8216;Escarlata&#8217;, no solo por su jerarqu\u00eda en el \u00e1rea, sino por el momento de forma que atravesaba como el principal referente ofensivo de la instituci\u00f3n.<\/p>\n\n\n\n<p class=\"has-black-color has-text-color has-link-color wp-elements-594629ac149bc6b35db4d2dceec713b0\">Ante este escenario, la responsabilidad de la contundencia en el ataque recae sobre Jefrey Bantes y Alejandro Cabeza. No obstante, el cuerpo t\u00e9cnico enfrenta un dilema t\u00e1ctico y f\u00edsico, dado que Cabeza reci\u00e9n se reincorpora tras un proceso de recuperaci\u00f3n y su nivel competitivo ha sido objeto de constantes cuestionamientos por la falta de regularidad. A la baja de Mart\u00ednez se suman las ausencias confirmadas del defensor Darwin Torres, tambi\u00e9n por lesi\u00f3n, y de Jos\u00e9 Morales, quien deber\u00e1 cumplir una sanci\u00f3n disciplinaria. En contraparte, la escuadra roja mantiene el optimismo respecto a la posible vuelta de C\u00e9sar Archila y Erik L\u00f3pez, quienes podr\u00edan aportar profundidad a una convocatoria mermada en zonas cr\u00edticas.<\/p>\n\n\n\n<p class=\"has-black-color has-text-color has-link-color wp-elements-92602c4e3163729bc7d118856a6429ba\">En el plano estrictamente deportivo, Municipal encarar\u00e1 el partido de vuelta de los cuartos de final este domingo en el Estadio El Tr\u00e9bol frente a Guastatoya. El conjunto local llega con una ventaja m\u00ednima de 0-1 obtenida en condici\u00f3n de visitante, resultado que le otorga cierto margen de maniobra para gestionar el ritmo del encuentro. Sin embargo, la presi\u00f3n recae sobre el banquillo para reestructurar un once inicial que carece de su m\u00e1xima carta de gol, en un duelo definitivo donde se pondr\u00e1 a prueba la profundidad de la plantilla y su capacidad de resiliencia ante las adversidades m\u00e9dicas y administrativas.<\/p>\n","protected":false},"excerpt":{"rendered":"<p>El Club Social y Deportivo Municipal, confirma baja sensible: Jos\u00e9 Carlos Mart\u00ednez se pierde el resto de la Temporada. Lo que inici\u00f3 como una preocupante salida por molestias f\u00edsicas durante el encuentro de ida ante Guastatoya, se transform\u00f3 este viernes en una certeza devastadora para las aspiraciones de CSD Municipal. El cuerpo m\u00e9dico del club [&hellip;]<\/p>\n","protected":false},"author":5,"featured_media":13158,"comment_status":"closed","ping_status":"closed","sticky":false,"template":"","format":"standard","meta":{"footnotes":""},"categories":[31],"tags":[47,1322,76,293,48,49,56,55,1361],"class_list":["post-13157","post","type-post","status-publish","format-standard","has-post-thumbnail","hentry","category-liga-nacional","tag-antigua-esportiva","tag-clausura-2026","tag-csd-municipal","tag-jose-martinez","tag-kenny-rodas","tag-kenny-sports","tag-liga-nacional","tag-liga-nacional-de-futbol-de-guatemala","tag-torneo-clausura-2026"],"_links":{"self":[{"href":"https:\/\/antiguaesportiva.com\/revista\/wp-json\/wp\/v2\/posts\/13157","targetHints":{"allow":["GET"]}}],"collection":[{"href":"https:\/\/antiguaesportiva.com\/revista\/wp-json\/wp\/v2\/posts"}],"about":[{"href":"https:\/\/antiguaesportiva.com\/revista\/wp-json\/wp\/v2\/types\/post"}],"author":[{"embeddable":true,"href":"https:\/\/antiguaesportiva.com\/revista\/wp-json\/wp\/v2\/users\/5"}],"replies":[{"embeddable":true,"href":"https:\/\/antiguaesportiva.com\/revista\/wp-json\/wp\/v2\/comments?post=13157"}],"version-history":[{"count":1,"href":"https:\/\/antiguaesportiva.com\/revista\/wp-json\/wp\/v2\/posts\/13157\/revisions"}],"predecessor-version":[{"id":13159,"href":"https:\/\/antiguaesportiva.com\/revista\/wp-json\/wp\/v2\/posts\/13157\/revisions\/13159"}],"wp:featuredmedia":[{"embeddable":true,"href":"https:\/\/antiguaesportiva.com\/revista\/wp-json\/wp\/v2\/media\/13158"}],"wp:attachment":[{"href":"https:\/\/antiguaesportiva.com\/revista\/wp-json\/wp\/v2\/media?parent=13157"}],"wp:term":[{"taxonomy":"category","embeddable":true,"href":"https:\/\/antiguaesportiva.com\/revista\/wp-json\/wp\/v2\/categories?post=13157"},{"taxonomy":"post_tag","embeddable":true,"href":"https:\/\/antiguaesportiva.com\/revista\/wp-json\/wp\/v2\/tags?post=13157"}],"curies":[{"name":"wp","href":"https:\/\/api.w.org\/{rel}","templated":true}]}}