{"id":13141,"date":"2026-04-30T16:21:49","date_gmt":"2026-04-30T22:21:49","guid":{"rendered":"https:\/\/antiguaesportiva.com\/revista\/?p=13141"},"modified":"2026-04-30T16:21:50","modified_gmt":"2026-04-30T22:21:50","slug":"adris-herrera-vamos-al-cementos-progreso-decididos-a-ganar","status":"publish","type":"post","link":"https:\/\/antiguaesportiva.com\/revista\/2026\/04\/30\/adris-herrera-vamos-al-cementos-progreso-decididos-a-ganar\/","title":{"rendered":"Adris Herrera: &#8220;Vamos al Cementos Progreso decididos a ganar&#8221;"},"content":{"rendered":"\n<p>En el marco de la reciente actividad deportiva, una de las figuras m\u00e1s constantes del torneo, Adris Herrera, comparti\u00f3 sus impresiones sobre el momento que atraviesa el plantel. Con un semblante que reflejaba satisfacci\u00f3n por el deber cumplido, el jugador analiz\u00f3 el presente del equipo y los desaf\u00edos inmediatos en el calendario.<\/p>\n\n\n\n<figure class=\"wp-block-image size-full\"><img loading=\"lazy\" decoding=\"async\" width=\"700\" height=\"250\" src=\"https:\/\/antiguaesportiva.com\/revista\/wp-content\/uploads\/2025\/12\/fisiocas-web.png\" alt=\"\" class=\"wp-image-11081\" srcset=\"https:\/\/antiguaesportiva.com\/revista\/wp-content\/uploads\/2025\/12\/fisiocas-web.png 700w, https:\/\/antiguaesportiva.com\/revista\/wp-content\/uploads\/2025\/12\/fisiocas-web-300x107.png 300w, https:\/\/antiguaesportiva.com\/revista\/wp-content\/uploads\/2025\/12\/fisiocas-web-554x198.png 554w\" sizes=\"auto, (max-width: 700px) 100vw, 700px\" \/><figcaption class=\"wp-element-caption\">Fisioterapia<\/figcaption><\/figure>\n\n\n\n<h2 class=\"wp-block-heading\">Satisfacci\u00f3n y orgullo por el grupo<\/h2>\n\n\n\n<p>Durante la entrevista post-partido, Herrera fue enf\u00e1tico al expresar la alegr\u00eda que le genera el desempe\u00f1o de sus compa\u00f1eros en el terreno de juego. El jugador no escatim\u00f3 en elogios para la entrega mostrada, asegurando que se siente &#8220;muy orgulloso&#8221; de la cohesi\u00f3n y el esfuerzo que el grupo ha mantenido, factores que han sido determinantes para los resultados positivos.<\/p>\n\n\n\n<figure class=\"wp-block-image size-full\"><img loading=\"lazy\" decoding=\"async\" width=\"700\" height=\"250\" src=\"https:\/\/antiguaesportiva.com\/revista\/wp-content\/uploads\/2025\/12\/Banners-web.png\" alt=\"\" class=\"wp-image-11084\" srcset=\"https:\/\/antiguaesportiva.com\/revista\/wp-content\/uploads\/2025\/12\/Banners-web.png 700w, https:\/\/antiguaesportiva.com\/revista\/wp-content\/uploads\/2025\/12\/Banners-web-300x107.png 300w, https:\/\/antiguaesportiva.com\/revista\/wp-content\/uploads\/2025\/12\/Banners-web-554x198.png 554w\" sizes=\"auto, (max-width: 700px) 100vw, 700px\" \/><\/figure>\n\n\n\n<h2 class=\"wp-block-heading\">un cansancio necesario<\/h2>\n\n\n\n<p>A pesar de la euforia por el buen paso del equipo, el futbolista reconoci\u00f3 que la intensidad de la competencia empieza a pasar factura en lo individual. Herrera admiti\u00f3 sentirse &#8220;un poco cansado&#8221;, una declaraci\u00f3n de honestidad que refleja el alto nivel de exigencia al que est\u00e1 siendo sometido. Sin embargo, dej\u00f3 claro que el compromiso con los objetivos institucionales prevalece sobre cualquier agotamiento personal.<\/p>\n","protected":false},"excerpt":{"rendered":"<p>En el marco de la reciente actividad deportiva, una de las figuras m\u00e1s constantes del torneo, Adris Herrera, comparti\u00f3 sus impresiones sobre el momento que atraviesa el plantel. Con un semblante que reflejaba satisfacci\u00f3n por el deber cumplido, el jugador analiz\u00f3 el presente del equipo y los desaf\u00edos inmediatos en el calendario. Satisfacci\u00f3n y orgullo [&hellip;]<\/p>\n","protected":false},"author":9,"featured_media":13143,"comment_status":"closed","ping_status":"closed","sticky":false,"template":"","format":"standard","meta":{"footnotes":""},"categories":[29,1],"tags":[1741,47,45,880,56,55,1361],"class_list":["post-13141","post","type-post","status-publish","format-standard","has-post-thumbnail","hentry","category-antigua-gfc","category-sin-categoria","tag-adris-herrera","tag-antigua-esportiva","tag-antigua-gfc","tag-cuartos-de-final","tag-liga-nacional","tag-liga-nacional-de-futbol-de-guatemala","tag-torneo-clausura-2026"],"_links":{"self":[{"href":"https:\/\/antiguaesportiva.com\/revista\/wp-json\/wp\/v2\/posts\/13141","targetHints":{"allow":["GET"]}}],"collection":[{"href":"https:\/\/antiguaesportiva.com\/revista\/wp-json\/wp\/v2\/posts"}],"about":[{"href":"https:\/\/antiguaesportiva.com\/revista\/wp-json\/wp\/v2\/types\/post"}],"author":[{"embeddable":true,"href":"https:\/\/antiguaesportiva.com\/revista\/wp-json\/wp\/v2\/users\/9"}],"replies":[{"embeddable":true,"href":"https:\/\/antiguaesportiva.com\/revista\/wp-json\/wp\/v2\/comments?post=13141"}],"version-history":[{"count":1,"href":"https:\/\/antiguaesportiva.com\/revista\/wp-json\/wp\/v2\/posts\/13141\/revisions"}],"predecessor-version":[{"id":13144,"href":"https:\/\/antiguaesportiva.com\/revista\/wp-json\/wp\/v2\/posts\/13141\/revisions\/13144"}],"wp:featuredmedia":[{"embeddable":true,"href":"https:\/\/antiguaesportiva.com\/revista\/wp-json\/wp\/v2\/media\/13143"}],"wp:attachment":[{"href":"https:\/\/antiguaesportiva.com\/revista\/wp-json\/wp\/v2\/media?parent=13141"}],"wp:term":[{"taxonomy":"category","embeddable":true,"href":"https:\/\/antiguaesportiva.com\/revista\/wp-json\/wp\/v2\/categories?post=13141"},{"taxonomy":"post_tag","embeddable":true,"href":"https:\/\/antiguaesportiva.com\/revista\/wp-json\/wp\/v2\/tags?post=13141"}],"curies":[{"name":"wp","href":"https:\/\/api.w.org\/{rel}","templated":true}]}}