{"id":13138,"date":"2026-04-30T16:05:42","date_gmt":"2026-04-30T22:05:42","guid":{"rendered":"https:\/\/antiguaesportiva.com\/revista\/?p=13138"},"modified":"2026-04-30T16:05:43","modified_gmt":"2026-04-30T22:05:43","slug":"cesar-guavita-conquista-san-rafael-pie-de-la-cuesta","status":"publish","type":"post","link":"https:\/\/antiguaesportiva.com\/revista\/2026\/04\/30\/cesar-guavita-conquista-san-rafael-pie-de-la-cuesta\/","title":{"rendered":"\u00a1C\u00e9sar Guavita conquista San Rafael Pie de la Cuesta!"},"content":{"rendered":"\n<p class=\"has-black-color has-text-color has-link-color wp-elements-7a703e2650195a102aa61cfc132f0189\">El pedalista colombiano conquista la Segunda Etapa de la 5ta. Vuelta BANTRAB y es el nuevo l\u00edder de la Clasificaci\u00f3n General Individual. <\/p>\n\n\n\n<p class=\"has-black-color has-text-color has-link-color wp-elements-c79e848364066eed9160493b4717df8a\">El asfalto dict\u00f3 sentencia bajo una can\u00edcula implacable. En una jornada donde el mercurio roz\u00f3 los 30\u00b0C, la caravana multicolor de la Vuelta Bantrab 2026 abandon\u00f3 San Felipe para internarse en las entra\u00f1as de San Marcos. Fueron 119.3 kil\u00f3metros de puro nerviosismo, t\u00e1ctica y un desenlace de alta monta\u00f1a que termin\u00f3 por sacudir la clasificaci\u00f3n general, dejando un nuevo due\u00f1o para el codiciado su\u00e9ter de l\u00edder.<\/p>\n\n\n\n<h3 class=\"wp-block-heading\">La fuga: Coraje en el llano y estrategia en las volantes<\/h3>\n\n\n\n<p class=\"has-black-color has-text-color has-link-color wp-elements-c611952ff596e450632b916c57fbf289\">Desde el banderazo inicial, la batalla por los premios intermedios encendi\u00f3 la mecha. Superada la primera media hora de rodaje, un cuarteto de valientes \u2014Esdras Morales (GUA), Nixon Rosero (ECU), Henry Sam (GUA) y Christopher D\u00edaz (HON)\u2014 desafi\u00f3 la tiran\u00eda del lote principal.<\/p>\n\n\n\n<p class=\"has-black-color has-text-color has-link-color wp-elements-6da48eb30267f07487f3ed159940ff3a\">El guatemalteco Henry Sam dio un recital en las metas volantes, adjudic\u00e1ndose los pasos en Las Victorias y Coatepeque. Sin embargo, el rigor de la carretera y el ritmo asfixiante del gran grupo obligaron a Sam y a D\u00edaz a levantar el pie, dejando la aventura en manos de Morales y Rosero. El ecuatoriano, en un gesto de caballerosidad deportiva, permiti\u00f3 que Morales cruzara primero en la \u00faltima volante antes de que el terreno comenzara a mirar hacia el cielo.<\/p>\n\n\n\n<h3 class=\"wp-block-heading\">El drama de la monta\u00f1a y el ocaso de Rosero<\/h3>\n\n\n\n<p class=\"has-black-color has-text-color has-link-color wp-elements-a78faf92d12f44c686419467e6a146b4\">Cuando la carretera se empin\u00f3 hacia San Rafael Pie de la Cuesta, la fuga sucumbi\u00f3 ante el empuje de los gallos de la general. No obstante, Nixon Rosero guardaba un \u00faltimo cartucho. El corredor del Team Best PC lanz\u00f3 un ataque que pareci\u00f3 definitivo, coronando el segundo premio de monta\u00f1a en Cerro Redondo con una renta de 1&#8242;:10&#8221; sobre sus perseguidores.<\/p>\n\n\n\n<p class=\"has-black-color has-text-color has-link-color wp-elements-0eba77421a46a0d828b54007ac5b88bc\">Pero el ciclismo es un deporte de resistencia y c\u00e1lculo. A falta de solo cinco kil\u00f3metros para la meta, el tanque de Rosero se qued\u00f3 sin reserva. El grupo de favoritos, con el cuchillo entre los dientes, absorbi\u00f3 al ecuatoriano en las rampas finales. All\u00ed, Sebasti\u00e1n Casta\u00f1o (Sistecr\u00e9dito) impuso su ley en el \u00faltimo puerto de monta\u00f1a, presagiando lo que ser\u00eda un cierre electrizante.<\/p>\n\n\n\n<h3 class=\"wp-block-heading\">Guavita: El nuevo &#8220;capo&#8221; de la clasificaci\u00f3n<\/h3>\n\n\n\n<p class=\"has-black-color has-text-color has-link-color wp-elements-c224adf4c5e52c780b472908e00e72e3\">El cierre en San Rafael Pie de la Cuesta fue una oda al ciclismo colombiano. En un sprint ag\u00f3nico tras una escalada demoledora, C\u00e9sar Guavita (Team Best PC) cruz\u00f3 la l\u00ednea de sentencia con un tiempo de 3h 12&#8242; 49&#8221;, logrando no solo la victoria de etapa, sino tambi\u00e9n el asalto al liderato general.<\/p>\n\n\n\n<p class=\"has-black-color has-text-color has-link-color wp-elements-6810209424af81e243a612c68a21808f\">Guavita logr\u00f3 desbancar a su compatriota Kevin Castillo, quien, a pesar de defenderse con hidalgu\u00eda en la \u00faltima subida, no pudo retener la prenda dorada. La clasificaci\u00f3n queda ahora en un pa\u00f1uelo:<\/p>\n\n\n\n<ul class=\"wp-block-list\">\n<li class=\"has-black-color has-text-color has-link-color wp-elements-078ce7b9a371185a9d6049732311e0f0\"><strong>L\u00edder General:<\/strong> C\u00e9sar Guavita (05h 57&#8242; 44&#8221;)<\/li>\n\n\n\n<li class=\"has-black-color has-text-color has-link-color wp-elements-3b2f3f1c82f34362cc052434a4475a1e\"><strong>Escolta:<\/strong> Wilson Pe\u00f1a (Team Sistecr\u00e9dito) a 00h 00&#8242; 04&#8221;<\/li>\n<\/ul>\n\n\n\n<blockquote class=\"wp-block-quote is-layout-flow wp-block-quote-is-layout-flow\">\n<p class=\"has-black-color has-text-color has-link-color wp-elements-b565abe33ce08761e6109eb0b122de9f\">Balance de la jornada: Guatemala domin\u00f3 el terreno plano con las volantes de Sam y Morales, pero la monta\u00f1a sigue hablando en el acento de la cordillera andina. Ma\u00f1ana, la Vuelta Bantrab continuar\u00e1 su curso, con una general abierta y un pelot\u00f3n que ya siente el desgaste de una batalla que apenas comienza.<\/p>\n<\/blockquote>\n","protected":false},"excerpt":{"rendered":"<p>El pedalista colombiano conquista la Segunda Etapa de la 5ta. Vuelta BANTRAB y es el nuevo l\u00edder de la Clasificaci\u00f3n General Individual. El asfalto dict\u00f3 sentencia bajo una can\u00edcula implacable. En una jornada donde el mercurio roz\u00f3 los 30\u00b0C, la caravana multicolor de la Vuelta Bantrab 2026 abandon\u00f3 San Felipe para internarse en las entra\u00f1as [&hellip;]<\/p>\n","protected":false},"author":5,"featured_media":13139,"comment_status":"closed","ping_status":"closed","sticky":false,"template":"","format":"standard","meta":{"footnotes":""},"categories":[38],"tags":[47,1740,1738,1739,579],"class_list":["post-13138","post","type-post","status-publish","format-standard","has-post-thumbnail","hentry","category-ciclismo","tag-antigua-esportiva","tag-cesar-guavita","tag-vuelta-bantrab-2026","tag-vuelta-ciclistica-bantrab-2026","tag-vuelta-ciclistica-bantrab-a-guatemala"],"_links":{"self":[{"href":"https:\/\/antiguaesportiva.com\/revista\/wp-json\/wp\/v2\/posts\/13138","targetHints":{"allow":["GET"]}}],"collection":[{"href":"https:\/\/antiguaesportiva.com\/revista\/wp-json\/wp\/v2\/posts"}],"about":[{"href":"https:\/\/antiguaesportiva.com\/revista\/wp-json\/wp\/v2\/types\/post"}],"author":[{"embeddable":true,"href":"https:\/\/antiguaesportiva.com\/revista\/wp-json\/wp\/v2\/users\/5"}],"replies":[{"embeddable":true,"href":"https:\/\/antiguaesportiva.com\/revista\/wp-json\/wp\/v2\/comments?post=13138"}],"version-history":[{"count":1,"href":"https:\/\/antiguaesportiva.com\/revista\/wp-json\/wp\/v2\/posts\/13138\/revisions"}],"predecessor-version":[{"id":13140,"href":"https:\/\/antiguaesportiva.com\/revista\/wp-json\/wp\/v2\/posts\/13138\/revisions\/13140"}],"wp:featuredmedia":[{"embeddable":true,"href":"https:\/\/antiguaesportiva.com\/revista\/wp-json\/wp\/v2\/media\/13139"}],"wp:attachment":[{"href":"https:\/\/antiguaesportiva.com\/revista\/wp-json\/wp\/v2\/media?parent=13138"}],"wp:term":[{"taxonomy":"category","embeddable":true,"href":"https:\/\/antiguaesportiva.com\/revista\/wp-json\/wp\/v2\/categories?post=13138"},{"taxonomy":"post_tag","embeddable":true,"href":"https:\/\/antiguaesportiva.com\/revista\/wp-json\/wp\/v2\/tags?post=13138"}],"curies":[{"name":"wp","href":"https:\/\/api.w.org\/{rel}","templated":true}]}}