{"id":13135,"date":"2026-04-30T10:00:14","date_gmt":"2026-04-30T16:00:14","guid":{"rendered":"https:\/\/antiguaesportiva.com\/revista\/?p=13135"},"modified":"2026-04-30T10:00:15","modified_gmt":"2026-04-30T16:00:15","slug":"enrique-camargo-baja-sensible-tras-salir-lesionado","status":"publish","type":"post","link":"https:\/\/antiguaesportiva.com\/revista\/2026\/04\/30\/enrique-camargo-baja-sensible-tras-salir-lesionado\/","title":{"rendered":"Enrique Camargo baja sensible tras salir lesionado"},"content":{"rendered":"\n<p>Durante el encuentro disputado la jornada de ayer, las alarmas se encendieron para el cuerpo t\u00e9cnico tras la forzosa salida del mediocampista Enrique Camargo, quien no pudo finalizar el compromiso debido a una complicaci\u00f3n f\u00edsica que le impidi\u00f3 abandonar el terreno de juego por sus propios medios.<\/p>\n\n\n\n<figure class=\"wp-block-image size-full is-resized\"><img loading=\"lazy\" decoding=\"async\" width=\"700\" height=\"250\" src=\"https:\/\/antiguaesportiva.com\/revista\/wp-content\/uploads\/2025\/12\/Banners-web.png\" alt=\"\" class=\"wp-image-11084\" style=\"width:580px;height:auto\" srcset=\"https:\/\/antiguaesportiva.com\/revista\/wp-content\/uploads\/2025\/12\/Banners-web.png 700w, https:\/\/antiguaesportiva.com\/revista\/wp-content\/uploads\/2025\/12\/Banners-web-300x107.png 300w, https:\/\/antiguaesportiva.com\/revista\/wp-content\/uploads\/2025\/12\/Banners-web-554x198.png 554w\" sizes=\"auto, (max-width: 700px) 100vw, 700px\" \/><\/figure>\n\n\n\n<h3 class=\"wp-block-heading\">Un retiro accidentado<\/h3>\n\n\n\n<p>El volante central, pieza clave en el esquema del equipo, sufri\u00f3 un percance durante el desarrollo del partido que oblig\u00f3 a la intervenci\u00f3n inmediata del cuerpo m\u00e9dico. La gravedad aparente de la situaci\u00f3n qued\u00f3 marcada por la necesidad de asistencia externa, siendo los elementos de bomberos quienes colaboraron para trasladar al jugador fuera del campo, ante la mirada de preocupaci\u00f3n de sus compa\u00f1eros y la afici\u00f3n presente.<\/p>\n\n\n\n<h3 class=\"wp-block-heading\">Incertidumbre m\u00e9dica<\/h3>\n\n\n\n<p>Hasta el momento, el club ha mantenido hermetismo respecto al diagn\u00f3stico oficial. No se ha emitido un parte m\u00e9dico que detalle la zona afectada o la magnitud de la lesi\u00f3n. Fuentes cercanas al equipo indican que el jugador ser\u00e1 sometido a pruebas radiol\u00f3gicas y evaluaciones cl\u00ednicas durante las pr\u00f3ximas horas para determinar el alcance real del da\u00f1o.<\/p>\n\n\n\n<figure class=\"wp-block-image size-full is-resized\"><img loading=\"lazy\" decoding=\"async\" width=\"700\" height=\"250\" src=\"https:\/\/antiguaesportiva.com\/revista\/wp-content\/uploads\/2025\/12\/fisiocas-web.png\" alt=\"\" class=\"wp-image-11081\" style=\"width:538px;height:auto\" srcset=\"https:\/\/antiguaesportiva.com\/revista\/wp-content\/uploads\/2025\/12\/fisiocas-web.png 700w, https:\/\/antiguaesportiva.com\/revista\/wp-content\/uploads\/2025\/12\/fisiocas-web-300x107.png 300w, https:\/\/antiguaesportiva.com\/revista\/wp-content\/uploads\/2025\/12\/fisiocas-web-554x198.png 554w\" sizes=\"auto, (max-width: 700px) 100vw, 700px\" \/><figcaption class=\"wp-element-caption\">Fisioterapia<\/figcaption><\/figure>\n\n\n\n<h3 class=\"wp-block-heading\">El cron\u00f3metro corre para el s\u00e1bado<\/h3>\n\n\n\n<p>La principal interrogante gira en torno a su disponibilidad para el pr\u00f3ximo compromiso programado para este s\u00e1bado. Con un margen de recuperaci\u00f3n de apenas 48 horas, la participaci\u00f3n de Camargo parece poco probable, lo que obligar\u00eda al estratega a buscar alternativas en el banquillo para cubrir una vacante sensible en la zona de creaci\u00f3n y contenci\u00f3n.<\/p>\n\n\n\n<p>Se espera que en el transcurso del d\u00eda el club brinde una actualizaci\u00f3n oficial que aclare si se trata de un problema muscular o una lesi\u00f3n de mayor cuidado que lo mantenga alejado de las canchas por un periodo prolongado.<\/p>\n","protected":false},"excerpt":{"rendered":"<p>Durante el encuentro disputado la jornada de ayer, las alarmas se encendieron para el cuerpo t\u00e9cnico tras la forzosa salida del mediocampista Enrique Camargo, quien no pudo finalizar el compromiso debido a una complicaci\u00f3n f\u00edsica que le impidi\u00f3 abandonar el terreno de juego por sus propios medios. Un retiro accidentado El volante central, pieza clave [&hellip;]<\/p>\n","protected":false},"author":9,"featured_media":13136,"comment_status":"closed","ping_status":"closed","sticky":false,"template":"","format":"standard","meta":{"footnotes":""},"categories":[29],"tags":[47,45,1662,291,56,55,1361],"class_list":["post-13135","post","type-post","status-publish","format-standard","has-post-thumbnail","hentry","category-antigua-gfc","tag-antigua-esportiva","tag-antigua-gfc","tag-enrique-camargo","tag-guatemala","tag-liga-nacional","tag-liga-nacional-de-futbol-de-guatemala","tag-torneo-clausura-2026"],"_links":{"self":[{"href":"https:\/\/antiguaesportiva.com\/revista\/wp-json\/wp\/v2\/posts\/13135","targetHints":{"allow":["GET"]}}],"collection":[{"href":"https:\/\/antiguaesportiva.com\/revista\/wp-json\/wp\/v2\/posts"}],"about":[{"href":"https:\/\/antiguaesportiva.com\/revista\/wp-json\/wp\/v2\/types\/post"}],"author":[{"embeddable":true,"href":"https:\/\/antiguaesportiva.com\/revista\/wp-json\/wp\/v2\/users\/9"}],"replies":[{"embeddable":true,"href":"https:\/\/antiguaesportiva.com\/revista\/wp-json\/wp\/v2\/comments?post=13135"}],"version-history":[{"count":1,"href":"https:\/\/antiguaesportiva.com\/revista\/wp-json\/wp\/v2\/posts\/13135\/revisions"}],"predecessor-version":[{"id":13137,"href":"https:\/\/antiguaesportiva.com\/revista\/wp-json\/wp\/v2\/posts\/13135\/revisions\/13137"}],"wp:featuredmedia":[{"embeddable":true,"href":"https:\/\/antiguaesportiva.com\/revista\/wp-json\/wp\/v2\/media\/13136"}],"wp:attachment":[{"href":"https:\/\/antiguaesportiva.com\/revista\/wp-json\/wp\/v2\/media?parent=13135"}],"wp:term":[{"taxonomy":"category","embeddable":true,"href":"https:\/\/antiguaesportiva.com\/revista\/wp-json\/wp\/v2\/categories?post=13135"},{"taxonomy":"post_tag","embeddable":true,"href":"https:\/\/antiguaesportiva.com\/revista\/wp-json\/wp\/v2\/tags?post=13135"}],"curies":[{"name":"wp","href":"https:\/\/api.w.org\/{rel}","templated":true}]}}