{"id":13093,"date":"2026-04-28T15:26:33","date_gmt":"2026-04-28T21:26:33","guid":{"rendered":"https:\/\/antiguaesportiva.com\/revista\/?p=13093"},"modified":"2026-04-28T15:26:34","modified_gmt":"2026-04-28T21:26:34","slug":"madre-del-amor-hermoso-que-partidazo","status":"publish","type":"post","link":"https:\/\/antiguaesportiva.com\/revista\/2026\/04\/28\/madre-del-amor-hermoso-que-partidazo\/","title":{"rendered":"\u00a1Madre del amor hermoso, QUE PARTIDAZO!"},"content":{"rendered":"\n<p class=\"has-black-color has-text-color has-link-color wp-elements-9594a7893422a795804a0a38cfa88f36\">El Par\u00eds Saint-Germain se queda con el primer asalto de esta Semifinal frente al Bayern M\u00fcnchen, tras un partidazo que ha sido una monta\u00f1a rusa cargada de mucha electricidad. <\/p>\n\n\n\n<p class=\"has-black-color has-text-color has-link-color wp-elements-486f4bb24354d7b71931b2dfbd23ed43\">La eliminatoria, se\u00f1alada un\u00e1nimemente como una final anticipada, cumpli\u00f3 con las expectativas mediante un despliegue de intensidad y recursos t\u00e1cticos que sit\u00faa este encuentro como la referencia m\u00e1xima de la Temporada. En un duelo de constantes alternativas, el PSG de Luis Enrique logr\u00f3 imponerse en la primera manga de una llave que, por la calidad exhibida, parece destinada a coronar al futuro campe\u00f3n de Europa.<\/p>\n\n\n\n<h3 class=\"wp-block-heading\">Un inicio de revoluciones altas<\/h3>\n\n\n\n<p class=\"has-black-color has-text-color has-link-color wp-elements-8032278673391dcde7728347f61ba901\">Desde el pitido inicial, el planteamiento de ambos conjuntos fue una declaraci\u00f3n de intenciones. Luis Enrique recuper\u00f3 su medular de gala con Vitinha, Joao Neves y Za\u00efre-Emery, mientras que Vincent Kompany sorprendi\u00f3 con la inclusi\u00f3n de Davies en una posici\u00f3n adelantada y el retorno de Jamal Musiala a la titularidad.<\/p>\n\n\n\n<p class=\"has-black-color has-text-color has-link-color wp-elements-55afa0d3ac740e31ea0379fd43445648\">El PSG salt\u00f3 al c\u00e9sped con la lecci\u00f3n aprendida de la Fase de Liga, presionando en campo contrario con una agresividad asfixiante. Sin embargo, cuando Vitinha y Kimmich intentaban poner orden al caos, apareci\u00f3 la figura de Luis D\u00edaz. El colombiano, el\u00e9ctrico en cada transici\u00f3n, forz\u00f3 la amarilla de Marquinhos y posteriormente un penalti tras ser derribado por Pacho. Harry Kane no fall\u00f3 desde los once metros, enga\u00f1ando a Safonov para firmar su decimotercer tanto en la competici\u00f3n y su sexto partido consecutivo viendo puerta.<\/p>\n\n\n\n<h3 class=\"wp-block-heading\">Intercambio de golpes y efectividad<\/h3>\n\n\n\n<p class=\"has-black-color has-text-color has-link-color wp-elements-24f1e4860d6f6827b2f5b833f0ee8a1f\">El Bayern pudo haber sentenciado temprano si Safonov no hubiera ganado un mano a mano crucial ante Olise. Esa intervenci\u00f3n cambi\u00f3 la inercia del partido. El PSG castig\u00f3 las dudas &#8216;B\u00e1varas&#8217; en el minuto 24&#8242;, cuando Kvicha Kvaratskhelia igual\u00f3 la contienda tras una brillante jugada individual, culminada con un disparo ajustado al poste largo.<\/p>\n\n\n\n<p class=\"has-black-color has-text-color has-link-color wp-elements-17364847c0a17305fccc396a00d8edfd\">La respuesta alemana no se hizo esperar, con un Olise que estrell\u00f3 un bal\u00f3n en el palo, pero la efectividad cay\u00f3 del lado local. En el tramo final del primer tiempo, Joao Neves aprovech\u00f3 un desajuste en la marca de Musiala para cabecear un centro de Demb\u00e9l\u00e9 y poner el 2-1. La alegr\u00eda &#8216;Parisina&#8217; fue ef\u00edmera, ya que Michael Olise resarci\u00f3 sus errores previos fusilando a Safonov desde la frontal para devolver el empate al marcador antes del descanso.<\/p>\n\n\n\n<h3 class=\"wp-block-heading\">El vendaval de Kvaratskhelia y la resistencia &#8216;B\u00e1vara&#8217;<\/h3>\n\n\n\n<p class=\"has-black-color has-text-color has-link-color wp-elements-cbbd3e671cdca75fcb94eef856e48d0c\">Tras la reanudaci\u00f3n, Kompany movi\u00f3 el banquillo retirando a un err\u00e1tico Davies por Laimer, pero el PSG sali\u00f3 decidido a romper el encuentro. En apenas diez minutos, Kvaratskhelia firm\u00f3 su doblete tras aprovechar un env\u00edo lateral de Hakimi, precedido por un pase quir\u00fargico de Vitinha. Poco despu\u00e9s, Ousmane Demb\u00e9l\u00e9 ampli\u00f3 la ventaja hasta un 5-2 que parec\u00eda definitivo y dejaba al Bayern contra las cuerdas.<\/p>\n\n\n\n<p class=\"has-black-color has-text-color has-link-color wp-elements-c18bb78f447694bc7a8359ccd6f7f1db\">Sin embargo, el ADN competitivo del conjunto alem\u00e1n emergi\u00f3 cuando m\u00e1s lo necesitaba. En el minuto 63&#8242;, un servicio de falta de Kimmich fue desviado por Upamecano para recortar distancias. Solo cuatro minutos despu\u00e9s, una acci\u00f3n individual de Luis D\u00edaz puso el 5-4 en el marcador, silenciando el Parque de los Pr\u00edncipes y reabriendo una eliminatoria que parec\u00eda sentenciada.<\/p>\n\n\n\n<h3 class=\"wp-block-heading\">Sentencia aplazada para el Fu\u00dfball Arena M\u00fcnchen.<\/h3>\n\n\n\n<p class=\"has-black-color has-text-color has-link-color wp-elements-61c4d68c4a86deea7a01f68ee06b5305\">El tramo final fue un ejercicio de resistencia para el PSG, que termin\u00f3 pidiendo la hora tras perder por molestias a sus dos laterales, Hakimi y Nuno Mendes. El Bayern roz\u00f3 el empate \u00e9pico en el \u00faltimo suspiro con un remate de Kimmich que Pacho salv\u00f3 sobre la l\u00ednea de gol, mientras que el joven Mayulu estrell\u00f3 un bal\u00f3n en la cruceta que pudo ser la tranquilidad para los de Luis Enrique.<\/p>\n\n\n\n<p class=\"has-black-color has-text-color has-link-color wp-elements-7eb2abf7f5b60fe2ed265935a890cc3e\">Con este 5-4, la resoluci\u00f3n de este duelo de titanes queda supeditada a lo que ocurra en el Allianz Arena. Lo que es seguro es que el f\u00fatbol europeo ha presenciado un enfrentamiento para la historia entre dos equipos que se niegan a especular.<\/p>\n","protected":false},"excerpt":{"rendered":"<p>El Par\u00eds Saint-Germain se queda con el primer asalto de esta Semifinal frente al Bayern M\u00fcnchen, tras un partidazo que ha sido una monta\u00f1a rusa cargada de mucha electricidad. La eliminatoria, se\u00f1alada un\u00e1nimemente como una final anticipada, cumpli\u00f3 con las expectativas mediante un despliegue de intensidad y recursos t\u00e1cticos que sit\u00faa este encuentro como la [&hellip;]<\/p>\n","protected":false},"author":5,"featured_media":13094,"comment_status":"closed","ping_status":"closed","sticky":false,"template":"","format":"standard","meta":{"footnotes":""},"categories":[36],"tags":[47,569,63,336,753,61],"class_list":["post-13093","post","type-post","status-publish","format-standard","has-post-thumbnail","hentry","category-futbol-internacional","tag-antigua-esportiva","tag-bayern-munchen","tag-champions","tag-champions-league","tag-paris-sg-2","tag-ucl"],"_links":{"self":[{"href":"https:\/\/antiguaesportiva.com\/revista\/wp-json\/wp\/v2\/posts\/13093","targetHints":{"allow":["GET"]}}],"collection":[{"href":"https:\/\/antiguaesportiva.com\/revista\/wp-json\/wp\/v2\/posts"}],"about":[{"href":"https:\/\/antiguaesportiva.com\/revista\/wp-json\/wp\/v2\/types\/post"}],"author":[{"embeddable":true,"href":"https:\/\/antiguaesportiva.com\/revista\/wp-json\/wp\/v2\/users\/5"}],"replies":[{"embeddable":true,"href":"https:\/\/antiguaesportiva.com\/revista\/wp-json\/wp\/v2\/comments?post=13093"}],"version-history":[{"count":1,"href":"https:\/\/antiguaesportiva.com\/revista\/wp-json\/wp\/v2\/posts\/13093\/revisions"}],"predecessor-version":[{"id":13095,"href":"https:\/\/antiguaesportiva.com\/revista\/wp-json\/wp\/v2\/posts\/13093\/revisions\/13095"}],"wp:featuredmedia":[{"embeddable":true,"href":"https:\/\/antiguaesportiva.com\/revista\/wp-json\/wp\/v2\/media\/13094"}],"wp:attachment":[{"href":"https:\/\/antiguaesportiva.com\/revista\/wp-json\/wp\/v2\/media?parent=13093"}],"wp:term":[{"taxonomy":"category","embeddable":true,"href":"https:\/\/antiguaesportiva.com\/revista\/wp-json\/wp\/v2\/categories?post=13093"},{"taxonomy":"post_tag","embeddable":true,"href":"https:\/\/antiguaesportiva.com\/revista\/wp-json\/wp\/v2\/tags?post=13093"}],"curies":[{"name":"wp","href":"https:\/\/api.w.org\/{rel}","templated":true}]}}