{"id":13086,"date":"2026-04-28T13:21:26","date_gmt":"2026-04-28T19:21:26","guid":{"rendered":"https:\/\/antiguaesportiva.com\/revista\/?p=13086"},"modified":"2026-04-28T13:21:27","modified_gmt":"2026-04-28T19:21:27","slug":"definidos-los-encargados-de-impartir-justicia-en-el-pensativo","status":"publish","type":"post","link":"https:\/\/antiguaesportiva.com\/revista\/2026\/04\/28\/definidos-los-encargados-de-impartir-justicia-en-el-pensativo\/","title":{"rendered":"Definidos los encargados de impartir justicia en el Pensativo"},"content":{"rendered":"\n<p>Con el inicio de la fase por el t\u00edtulo a la vuelta de la esquina, la atenci\u00f3n se centra no solo en los planteles, sino en la administraci\u00f3n de justicia en la cancha. Para el duelo de ida entre Antigua GFC y Comunicaciones, la Federaci\u00f3n ha confirmado que la responsabilidad principal recaer\u00e1 en el colegiado Sergio Reyna.<\/p>\n\n\n\n<figure class=\"wp-block-image size-full is-resized\"><img loading=\"lazy\" decoding=\"async\" width=\"700\" height=\"250\" src=\"https:\/\/antiguaesportiva.com\/revista\/wp-content\/uploads\/2025\/12\/fisiocas-web.png\" alt=\"\" class=\"wp-image-11081\" style=\"width:473px;height:auto\" srcset=\"https:\/\/antiguaesportiva.com\/revista\/wp-content\/uploads\/2025\/12\/fisiocas-web.png 700w, https:\/\/antiguaesportiva.com\/revista\/wp-content\/uploads\/2025\/12\/fisiocas-web-300x107.png 300w, https:\/\/antiguaesportiva.com\/revista\/wp-content\/uploads\/2025\/12\/fisiocas-web-554x198.png 554w\" sizes=\"auto, (max-width: 700px) 100vw, 700px\" \/><figcaption class=\"wp-element-caption\">Fisioterapia<\/figcaption><\/figure>\n\n\n\n<h3 class=\"wp-block-heading\">Control en las \u00e1reas t\u00e9cnicas<\/h3>\n\n\n\n<p>El cuerpo arbitral se completa con Juan Tipaz y Aczel P\u00e9rez en las bandas, mientras que la labor de cuarto \u00e1rbitro ser\u00e1 desempe\u00f1ada por Walter L\u00f3pez. En un partido que se prev\u00e9 de alta fricci\u00f3n y constantes reclamos desde las zonas t\u00e9cnicas, el rol de L\u00f3pez ser\u00e1 estrictamente administrativo y de control, buscando evitar que la temperatura del juego afecte el desarrollo del espect\u00e1culo en un encuentro donde hist\u00f3ricamente los \u00e1nimos suelen caldearse.<\/p>\n\n\n\n<h3 class=\"wp-block-heading\">Un duelo de alta intensidad<\/h3>\n\n\n\n<p>Este enfrentamiento llega en un momento cr\u00edtico, donde el margen de error es m\u00ednimo. Se espera un partido de mucho contacto y presi\u00f3n en la media cancha, lo que obligar\u00e1 a la cuarteta arbitral a mantener una comunicaci\u00f3n constante para gestionar la intensidad que caracteriza a los Cremas y la propuesta din\u00e1mica de los Aguacateros.<\/p>\n\n\n\n<figure class=\"wp-block-image size-full is-resized\"><img loading=\"lazy\" decoding=\"async\" width=\"700\" height=\"250\" src=\"https:\/\/antiguaesportiva.com\/revista\/wp-content\/uploads\/2025\/12\/Banners-web.png\" alt=\"\" class=\"wp-image-11084\" style=\"width:473px;height:auto\" srcset=\"https:\/\/antiguaesportiva.com\/revista\/wp-content\/uploads\/2025\/12\/Banners-web.png 700w, https:\/\/antiguaesportiva.com\/revista\/wp-content\/uploads\/2025\/12\/Banners-web-300x107.png 300w, https:\/\/antiguaesportiva.com\/revista\/wp-content\/uploads\/2025\/12\/Banners-web-554x198.png 554w\" sizes=\"auto, (max-width: 700px) 100vw, 700px\" \/><\/figure>\n\n\n\n<h3 class=\"wp-block-heading\">La obligaci\u00f3n de la local\u00eda colonial<\/h3>\n\n\n\n<p>Para Antigua GFC, el escenario es claro: el Estadio Pensativo debe ser una fortaleza. El equipo colonial est\u00e1 obligado a proponer y aprovechar su conocimiento del terreno para sacar una ventaja que lo deje con vida de cara al cierre de la llave.<\/p>\n\n\n\n<p>La afici\u00f3n espera que el cuadro local tome la iniciativa desde el pitazo inicial de Reyna, buscando desequilibrar a la defensa rival mediante la velocidad por las bandas. Aprovechar la local\u00eda no solo pasa por el marcador, sino por imponer condiciones f\u00edsicas y t\u00e1cticas que obliguen al visitante a retroceder sus l\u00edneas.<\/p>\n","protected":false},"excerpt":{"rendered":"<p>Con el inicio de la fase por el t\u00edtulo a la vuelta de la esquina, la atenci\u00f3n se centra no solo en los planteles, sino en la administraci\u00f3n de justicia en la cancha. Para el duelo de ida entre Antigua GFC y Comunicaciones, la Federaci\u00f3n ha confirmado que la responsabilidad principal recaer\u00e1 en el colegiado [&hellip;]<\/p>\n","protected":false},"author":9,"featured_media":13087,"comment_status":"closed","ping_status":"closed","sticky":false,"template":"","format":"standard","meta":{"footnotes":""},"categories":[31],"tags":[47,45,1283,880,56,55,1361],"class_list":["post-13086","post","type-post","status-publish","format-standard","has-post-thumbnail","hentry","category-liga-nacional","tag-antigua-esportiva","tag-antigua-gfc","tag-arbitraje","tag-cuartos-de-final","tag-liga-nacional","tag-liga-nacional-de-futbol-de-guatemala","tag-torneo-clausura-2026"],"_links":{"self":[{"href":"https:\/\/antiguaesportiva.com\/revista\/wp-json\/wp\/v2\/posts\/13086","targetHints":{"allow":["GET"]}}],"collection":[{"href":"https:\/\/antiguaesportiva.com\/revista\/wp-json\/wp\/v2\/posts"}],"about":[{"href":"https:\/\/antiguaesportiva.com\/revista\/wp-json\/wp\/v2\/types\/post"}],"author":[{"embeddable":true,"href":"https:\/\/antiguaesportiva.com\/revista\/wp-json\/wp\/v2\/users\/9"}],"replies":[{"embeddable":true,"href":"https:\/\/antiguaesportiva.com\/revista\/wp-json\/wp\/v2\/comments?post=13086"}],"version-history":[{"count":1,"href":"https:\/\/antiguaesportiva.com\/revista\/wp-json\/wp\/v2\/posts\/13086\/revisions"}],"predecessor-version":[{"id":13088,"href":"https:\/\/antiguaesportiva.com\/revista\/wp-json\/wp\/v2\/posts\/13086\/revisions\/13088"}],"wp:featuredmedia":[{"embeddable":true,"href":"https:\/\/antiguaesportiva.com\/revista\/wp-json\/wp\/v2\/media\/13087"}],"wp:attachment":[{"href":"https:\/\/antiguaesportiva.com\/revista\/wp-json\/wp\/v2\/media?parent=13086"}],"wp:term":[{"taxonomy":"category","embeddable":true,"href":"https:\/\/antiguaesportiva.com\/revista\/wp-json\/wp\/v2\/categories?post=13086"},{"taxonomy":"post_tag","embeddable":true,"href":"https:\/\/antiguaesportiva.com\/revista\/wp-json\/wp\/v2\/tags?post=13086"}],"curies":[{"name":"wp","href":"https:\/\/api.w.org\/{rel}","templated":true}]}}