{"id":13082,"date":"2026-04-28T12:58:51","date_gmt":"2026-04-28T18:58:51","guid":{"rendered":"https:\/\/antiguaesportiva.com\/revista\/?p=13082"},"modified":"2026-04-28T12:58:52","modified_gmt":"2026-04-28T18:58:52","slug":"la-especial-de-antigua-gfc-sella-su-boleto-a-cuartos-de-final","status":"publish","type":"post","link":"https:\/\/antiguaesportiva.com\/revista\/2026\/04\/28\/la-especial-de-antigua-gfc-sella-su-boleto-a-cuartos-de-final\/","title":{"rendered":"La Especial de Antigua GFC sella su boleto a cuartos de final"},"content":{"rendered":"\n<p>La fase final del torneo en la categor\u00eda Especial arranca con un enfrentamiento que promete chispas. Antigua GFC, tras asegurar su clasificaci\u00f3n en la s\u00e9ptima casilla con 33 unidades, se prepara para medir fuerzas ante un s\u00f3lido Deportivo Mixco que llega como subl\u00edder de la competencia.<\/p>\n\n\n\n<figure class=\"wp-block-image size-full is-resized\"><img loading=\"lazy\" decoding=\"async\" width=\"700\" height=\"250\" src=\"https:\/\/antiguaesportiva.com\/revista\/wp-content\/uploads\/2025\/12\/Banners-web.png\" alt=\"\" class=\"wp-image-11084\" style=\"width:529px;height:auto\" srcset=\"https:\/\/antiguaesportiva.com\/revista\/wp-content\/uploads\/2025\/12\/Banners-web.png 700w, https:\/\/antiguaesportiva.com\/revista\/wp-content\/uploads\/2025\/12\/Banners-web-300x107.png 300w, https:\/\/antiguaesportiva.com\/revista\/wp-content\/uploads\/2025\/12\/Banners-web-554x198.png 554w\" sizes=\"auto, (max-width: 700px) 100vw, 700px\" \/><\/figure>\n\n\n\n<h3 class=\"wp-block-heading\">En busca de la redenci\u00f3n colonial<\/h3>\n\n\n\n<p>El equipo aguacatero llega a esta instancia con una motivaci\u00f3n extra. Tras haber rozado la gloria en el certamen anterior, donde buscaban un hist\u00f3rico tricampeonato, la espinita de no haber logrado el t\u00edtulo sigue presente en el plantel. Este torneo representa la oportunidad ideal para que los coloniales retomen el protagonismo y demuestren por qu\u00e9 han sido los referentes de la categor\u00eda en los \u00faltimos a\u00f1os.<\/p>\n\n\n\n<h3 class=\"wp-block-heading\">El reto ante el subl\u00edder<\/h3>\n\n\n\n<p>La tarea no ser\u00e1 sencilla. Frente a ellos estar\u00e1 el cuadro &#8220;Chicharronero&#8221;, que ha firmado una fase regular envidiable. Con 41 puntos y ubicados en la segunda posici\u00f3n de la tabla, los mixque\u00f1os parten con la ventaja de la local\u00eda para el cierre de la llave, lo que obliga a los coloniales a pegar primero y con fuerza.<\/p>\n\n\n\n<figure class=\"wp-block-image size-full is-resized\"><img loading=\"lazy\" decoding=\"async\" width=\"700\" height=\"250\" src=\"https:\/\/antiguaesportiva.com\/revista\/wp-content\/uploads\/2025\/12\/fisiocas-web.png\" alt=\"\" class=\"wp-image-11081\" style=\"width:560px;height:auto\" srcset=\"https:\/\/antiguaesportiva.com\/revista\/wp-content\/uploads\/2025\/12\/fisiocas-web.png 700w, https:\/\/antiguaesportiva.com\/revista\/wp-content\/uploads\/2025\/12\/fisiocas-web-300x107.png 300w, https:\/\/antiguaesportiva.com\/revista\/wp-content\/uploads\/2025\/12\/fisiocas-web-554x198.png 554w\" sizes=\"auto, (max-width: 700px) 100vw, 700px\" \/><figcaption class=\"wp-element-caption\">Fisioterapia<\/figcaption><\/figure>\n\n\n\n<h3 class=\"wp-block-heading\">Detalles del encuentro y log\u00edstica<\/h3>\n\n\n\n<p>El partido de ida est\u00e1 programado para este jueves 30 de abril a las 3:00 PM. El escenario elegido es el Estadio Municipal de Pastores, un recinto que suele albergar con gran intensidad los duelos de las categor\u00edas formativas.<\/p>\n\n\n\n<p>No obstante, la dirigencia y el cuerpo t\u00e9cnico se mantienen atentos a las comunicaciones oficiales, ya que, como suele ocurrir en estas instancias de fase final, existe una posibilidad de cambios de \u00faltimo momento en la programaci\u00f3n o el horario por temas de log\u00edstica o seguridad.<\/p>\n","protected":false},"excerpt":{"rendered":"<p>La fase final del torneo en la categor\u00eda Especial arranca con un enfrentamiento que promete chispas. Antigua GFC, tras asegurar su clasificaci\u00f3n en la s\u00e9ptima casilla con 33 unidades, se prepara para medir fuerzas ante un s\u00f3lido Deportivo Mixco que llega como subl\u00edder de la competencia. En busca de la redenci\u00f3n colonial El equipo aguacatero [&hellip;]<\/p>\n","protected":false},"author":9,"featured_media":13083,"comment_status":"closed","ping_status":"closed","sticky":false,"template":"","format":"standard","meta":{"footnotes":""},"categories":[34],"tags":[1264,47,45,56,55,1361],"class_list":["post-13082","post","type-post","status-publish","format-standard","has-post-thumbnail","hentry","category-fuerzas-basicas","tag-antigua-categoria-especial","tag-antigua-esportiva","tag-antigua-gfc","tag-liga-nacional","tag-liga-nacional-de-futbol-de-guatemala","tag-torneo-clausura-2026"],"_links":{"self":[{"href":"https:\/\/antiguaesportiva.com\/revista\/wp-json\/wp\/v2\/posts\/13082","targetHints":{"allow":["GET"]}}],"collection":[{"href":"https:\/\/antiguaesportiva.com\/revista\/wp-json\/wp\/v2\/posts"}],"about":[{"href":"https:\/\/antiguaesportiva.com\/revista\/wp-json\/wp\/v2\/types\/post"}],"author":[{"embeddable":true,"href":"https:\/\/antiguaesportiva.com\/revista\/wp-json\/wp\/v2\/users\/9"}],"replies":[{"embeddable":true,"href":"https:\/\/antiguaesportiva.com\/revista\/wp-json\/wp\/v2\/comments?post=13082"}],"version-history":[{"count":1,"href":"https:\/\/antiguaesportiva.com\/revista\/wp-json\/wp\/v2\/posts\/13082\/revisions"}],"predecessor-version":[{"id":13084,"href":"https:\/\/antiguaesportiva.com\/revista\/wp-json\/wp\/v2\/posts\/13082\/revisions\/13084"}],"wp:featuredmedia":[{"embeddable":true,"href":"https:\/\/antiguaesportiva.com\/revista\/wp-json\/wp\/v2\/media\/13083"}],"wp:attachment":[{"href":"https:\/\/antiguaesportiva.com\/revista\/wp-json\/wp\/v2\/media?parent=13082"}],"wp:term":[{"taxonomy":"category","embeddable":true,"href":"https:\/\/antiguaesportiva.com\/revista\/wp-json\/wp\/v2\/categories?post=13082"},{"taxonomy":"post_tag","embeddable":true,"href":"https:\/\/antiguaesportiva.com\/revista\/wp-json\/wp\/v2\/tags?post=13082"}],"curies":[{"name":"wp","href":"https:\/\/api.w.org\/{rel}","templated":true}]}}