{"id":13078,"date":"2026-04-28T12:17:43","date_gmt":"2026-04-28T18:17:43","guid":{"rendered":"https:\/\/antiguaesportiva.com\/revista\/?p=13078"},"modified":"2026-04-28T12:17:44","modified_gmt":"2026-04-28T18:17:44","slug":"paris-sg-y-bayern-munchen-abren-el-telon-de-las-semifinales-de-champions","status":"publish","type":"post","link":"https:\/\/antiguaesportiva.com\/revista\/2026\/04\/28\/paris-sg-y-bayern-munchen-abren-el-telon-de-las-semifinales-de-champions\/","title":{"rendered":"Par\u00eds SG y Bayern M\u00fcnchen abren el tel\u00f3n de las Semifinales de Champions"},"content":{"rendered":"\n<p class=\"has-black-color has-text-color has-link-color wp-elements-4a1a8eeecbdf9069063fd5dbbd666bc7\">Se abre el tel\u00f3n de las semifinales de la\u00a0UEFA Champions League\u00a0en el\u00a0Parque de los Pr\u00edncipes\u00a0entre el\u00a0PSG\u00a0contra el\u00a0Bayern M\u00fcnchen, en lo que pudiera considerarse una Final adelantada puesto que han sido dos de los equipos m\u00e1s dominantes en la Temporada 2025-26.<\/p>\n\n\n\n<p class=\"has-black-color has-text-color has-link-color wp-elements-e4010203f835edb9758f98eb7c1ea067\">Despu\u00e9s de\u00a0eliminar al Liverpool y Real Madrid, respectivamente, tanto &#8216;Galos&#8217; como &#8216;Germanos&#8217; se erigen como favoritos para levantar la &#8216;Orejona&#8217; en Budapest; quienes se ver\u00e1n las caras por tercera vez en este a\u00f1o, recordando que chocaron en los cuartos de final del pasado Mundial de Clubes y en la Fase de Liga de la\u00a0UEFA Champions League.<\/p>\n\n\n\n<p class=\"has-black-color has-text-color has-link-color wp-elements-b4f5a63e03ab1330e2fc62319453b703\">No cabe duda que habr\u00e1 emociones en la capital francesa, puesto que tanto\u00a0PSG\u00a0como\u00a0Bayern M\u00fcnchen\u00a0han anotado 38 goles, cada uno, en esta temporada, la mayor cifra de todos los clubes.<\/p>\n\n\n\n<p class=\"has-black-color has-text-color has-link-color wp-elements-78d7c562361fc9c69bbd08265eaf6dac\">Partido especial para\u00a0Marquinhos, quien al momento de ver acci\u00f3n igualar\u00e1 el r\u00e9cord de Roberto Carlos como el brasile\u00f1o con m\u00e1s partidos en la Champions League. Aunque, no tendr\u00e1 una tarea sencilla, puesto que su objetivo ser\u00e1 detener a\u00a0Harry Kane, quien ha marcado en los \u00faltimos cinco partidos y ya firm\u00f3 su mejor registro en la competici\u00f3n con 12 goles.<\/p>\n\n\n\n<h2 class=\"wp-block-heading\">Historial PSG vs Bayern Munich<\/h2>\n\n\n\n<p class=\"has-black-color has-text-color has-link-color wp-elements-d9bd27aad296393ca1512830984c8d95\">Existen 15 enfrentamientos en Champions League entre ambas escuadras, donde los &#8216;B\u00e1varos&#8217; tienen el saldo a su favor con 9 victorias por 6 derrotas, curiosamente, nunca han empatado.<\/p>\n\n\n\n<p class=\"has-black-color has-text-color has-link-color wp-elements-c4e7945ee09790820d2a2ea532d5330d\">Sin contar el triunfo del PSG en los Cuartos de Final del Mundial de Clubes el verano pasado, el Bayern M\u00fcnchen liga cinco cotejos sin descalabro consecutivos en UCL.<\/p>\n\n\n\n<p class=\"has-black-color has-text-color has-link-color wp-elements-503029093b2b97ca0d773244bd502049\">En fases finales de la Champions League, el conjunto alem\u00e1n se impuso en la Final de 2020 (1-0) y en los octavos de final de la temporada 2022\/23 (3-0 en el global), mientras que el Paris Saint Germain se clasific\u00f3 en los cuartos de final de la temporada 2020\/21 gracias al &#8220;valor doble&#8221; de los goles marcados a domicilio tras un empate 3-3 en el global.<\/p>\n\n\n\n<p><\/p>\n","protected":false},"excerpt":{"rendered":"<p>Se abre el tel\u00f3n de las semifinales de la\u00a0UEFA Champions League\u00a0en el\u00a0Parque de los Pr\u00edncipes\u00a0entre el\u00a0PSG\u00a0contra el\u00a0Bayern M\u00fcnchen, en lo que pudiera considerarse una Final adelantada puesto que han sido dos de los equipos m\u00e1s dominantes en la Temporada 2025-26. Despu\u00e9s de\u00a0eliminar al Liverpool y Real Madrid, respectivamente, tanto &#8216;Galos&#8217; como &#8216;Germanos&#8217; se erigen como [&hellip;]<\/p>\n","protected":false},"author":5,"featured_media":13079,"comment_status":"closed","ping_status":"closed","sticky":false,"template":"","format":"standard","meta":{"footnotes":""},"categories":[36],"tags":[47,569,63,336,48,49,607,62],"class_list":["post-13078","post","type-post","status-publish","format-standard","has-post-thumbnail","hentry","category-futbol-internacional","tag-antigua-esportiva","tag-bayern-munchen","tag-champions","tag-champions-league","tag-kenny-rodas","tag-kenny-sports","tag-paris-sg","tag-uefa-champions-league"],"_links":{"self":[{"href":"https:\/\/antiguaesportiva.com\/revista\/wp-json\/wp\/v2\/posts\/13078","targetHints":{"allow":["GET"]}}],"collection":[{"href":"https:\/\/antiguaesportiva.com\/revista\/wp-json\/wp\/v2\/posts"}],"about":[{"href":"https:\/\/antiguaesportiva.com\/revista\/wp-json\/wp\/v2\/types\/post"}],"author":[{"embeddable":true,"href":"https:\/\/antiguaesportiva.com\/revista\/wp-json\/wp\/v2\/users\/5"}],"replies":[{"embeddable":true,"href":"https:\/\/antiguaesportiva.com\/revista\/wp-json\/wp\/v2\/comments?post=13078"}],"version-history":[{"count":1,"href":"https:\/\/antiguaesportiva.com\/revista\/wp-json\/wp\/v2\/posts\/13078\/revisions"}],"predecessor-version":[{"id":13080,"href":"https:\/\/antiguaesportiva.com\/revista\/wp-json\/wp\/v2\/posts\/13078\/revisions\/13080"}],"wp:featuredmedia":[{"embeddable":true,"href":"https:\/\/antiguaesportiva.com\/revista\/wp-json\/wp\/v2\/media\/13079"}],"wp:attachment":[{"href":"https:\/\/antiguaesportiva.com\/revista\/wp-json\/wp\/v2\/media?parent=13078"}],"wp:term":[{"taxonomy":"category","embeddable":true,"href":"https:\/\/antiguaesportiva.com\/revista\/wp-json\/wp\/v2\/categories?post=13078"},{"taxonomy":"post_tag","embeddable":true,"href":"https:\/\/antiguaesportiva.com\/revista\/wp-json\/wp\/v2\/tags?post=13078"}],"curies":[{"name":"wp","href":"https:\/\/api.w.org\/{rel}","templated":true}]}}