{"id":13075,"date":"2026-04-27T19:15:45","date_gmt":"2026-04-28T01:15:45","guid":{"rendered":"https:\/\/antiguaesportiva.com\/revista\/?p=13075"},"modified":"2026-04-27T19:15:47","modified_gmt":"2026-04-28T01:15:47","slug":"xelaju-mc-pierde-a-su-guardameta-y-su-referente-ofensivo","status":"publish","type":"post","link":"https:\/\/antiguaesportiva.com\/revista\/2026\/04\/27\/xelaju-mc-pierde-a-su-guardameta-y-su-referente-ofensivo\/","title":{"rendered":"Xelaj\u00fa MC pierde a su guardameta y su referente ofensivo"},"content":{"rendered":"\n<p>El panorama se ha tornado gris para el Xelaj\u00fa MC tras confirmarse el parte m\u00e9dico oficial que deja fuera de combate a tres piezas clave de su plantilla. La noticia llega en el momento m\u00e1s inoportuno de la temporada, justo cuando el club busca consolidar su posici\u00f3n en la recta definitiva del torneo.<\/p>\n\n\n\n<figure class=\"wp-block-image size-full\"><img loading=\"lazy\" decoding=\"async\" width=\"700\" height=\"250\" src=\"https:\/\/antiguaesportiva.com\/revista\/wp-content\/uploads\/2025\/12\/fisiocas-web.png\" alt=\"\" class=\"wp-image-11081\" srcset=\"https:\/\/antiguaesportiva.com\/revista\/wp-content\/uploads\/2025\/12\/fisiocas-web.png 700w, https:\/\/antiguaesportiva.com\/revista\/wp-content\/uploads\/2025\/12\/fisiocas-web-300x107.png 300w, https:\/\/antiguaesportiva.com\/revista\/wp-content\/uploads\/2025\/12\/fisiocas-web-554x198.png 554w\" sizes=\"auto, (max-width: 700px) 100vw, 700px\" \/><figcaption class=\"wp-element-caption\">Fisioterapia<\/figcaption><\/figure>\n\n\n\n<h2 class=\"wp-block-heading\">Baja de larga duraci\u00f3n para Silva<\/h2>\n\n\n\n<p>La situaci\u00f3n m\u00e1s alarmante la protagoniza el guardameta Rub\u00e9n Dar\u00edo Silva. El cuerpo m\u00e9dico del club confirm\u00f3 que el arquero sufri\u00f3 una rotura casi total del tend\u00f3n de Aquiles (estimada en un 95%). Debido a la gravedad de la lesi\u00f3n y la complejidad del proceso quir\u00fargico y de rehabilitaci\u00f3n, Silva se despide no solo de este torneo, sino de gran parte de la actividad futbol\u00edstica del a\u00f1o. Esta ausencia obliga a la directiva y al cuerpo t\u00e9cnico a replantear la seguridad bajo los tres palos de forma inmediata.<\/p>\n\n\n\n<h2 class=\"wp-block-heading\">Incertidumbre en la zona ofensiva<\/h2>\n\n\n\n<p>Harim Quezada: El delantero fue diagnosticado con una ruptura en el b\u00edceps femoral. El tiempo estimado de recuperaci\u00f3n es de al menos tres semanas, lo que pr\u00e1cticamente lo descarta para participar en la fase final actual, representando un golpe estrat\u00e9gico para las aspiraciones de gol del equipo.<\/p>\n\n\n\n<p>Cardoza: En un escenario menos severo, el jugador presenta una microrruptura en el aductor. Aunque su baja se estima inicialmente en una semana, su evoluci\u00f3n marcar\u00e1 si podr\u00e1 integrarse al grupo para los duelos de eliminaci\u00f3n directa.<\/p>\n\n\n\n<figure class=\"wp-block-image size-full\"><img loading=\"lazy\" decoding=\"async\" width=\"700\" height=\"250\" src=\"https:\/\/antiguaesportiva.com\/revista\/wp-content\/uploads\/2025\/12\/Banners-web.png\" alt=\"\" class=\"wp-image-11084\" srcset=\"https:\/\/antiguaesportiva.com\/revista\/wp-content\/uploads\/2025\/12\/Banners-web.png 700w, https:\/\/antiguaesportiva.com\/revista\/wp-content\/uploads\/2025\/12\/Banners-web-300x107.png 300w, https:\/\/antiguaesportiva.com\/revista\/wp-content\/uploads\/2025\/12\/Banners-web-554x198.png 554w\" sizes=\"auto, (max-width: 700px) 100vw, 700px\" \/><\/figure>\n\n\n\n<h2 class=\"wp-block-heading\">Un cierre de temporada cuesta arriba<\/h2>\n\n\n\n<p>Las lesiones de Quezada y Silva, pilares en la columna vertebral del equipo, obligan al banquillo altense a buscar soluciones urgentes entre sus variantes y las categor\u00edas juveniles. Con la liguilla a la vuelta de la esquina, el conjunto quetzalteco deber\u00e1 apelar a la profundidad de su plantel para suplir el liderazgo y la experiencia de sus jugadores lesionados.<\/p>\n\n\n\n<p><\/p>\n","protected":false},"excerpt":{"rendered":"<p>El panorama se ha tornado gris para el Xelaj\u00fa MC tras confirmarse el parte m\u00e9dico oficial que deja fuera de combate a tres piezas clave de su plantilla. La noticia llega en el momento m\u00e1s inoportuno de la temporada, justo cuando el club busca consolidar su posici\u00f3n en la recta definitiva del torneo. Baja de [&hellip;]<\/p>\n","protected":false},"author":9,"featured_media":13076,"comment_status":"closed","ping_status":"closed","sticky":false,"template":"","format":"standard","meta":{"footnotes":""},"categories":[31],"tags":[47,1737,56,55,1361,1239],"class_list":["post-13075","post","type-post","status-publish","format-standard","has-post-thumbnail","hentry","category-liga-nacional","tag-antigua-esportiva","tag-dario-silva-2","tag-liga-nacional","tag-liga-nacional-de-futbol-de-guatemala","tag-torneo-clausura-2026","tag-xelaju-mc-2"],"_links":{"self":[{"href":"https:\/\/antiguaesportiva.com\/revista\/wp-json\/wp\/v2\/posts\/13075","targetHints":{"allow":["GET"]}}],"collection":[{"href":"https:\/\/antiguaesportiva.com\/revista\/wp-json\/wp\/v2\/posts"}],"about":[{"href":"https:\/\/antiguaesportiva.com\/revista\/wp-json\/wp\/v2\/types\/post"}],"author":[{"embeddable":true,"href":"https:\/\/antiguaesportiva.com\/revista\/wp-json\/wp\/v2\/users\/9"}],"replies":[{"embeddable":true,"href":"https:\/\/antiguaesportiva.com\/revista\/wp-json\/wp\/v2\/comments?post=13075"}],"version-history":[{"count":1,"href":"https:\/\/antiguaesportiva.com\/revista\/wp-json\/wp\/v2\/posts\/13075\/revisions"}],"predecessor-version":[{"id":13077,"href":"https:\/\/antiguaesportiva.com\/revista\/wp-json\/wp\/v2\/posts\/13075\/revisions\/13077"}],"wp:featuredmedia":[{"embeddable":true,"href":"https:\/\/antiguaesportiva.com\/revista\/wp-json\/wp\/v2\/media\/13076"}],"wp:attachment":[{"href":"https:\/\/antiguaesportiva.com\/revista\/wp-json\/wp\/v2\/media?parent=13075"}],"wp:term":[{"taxonomy":"category","embeddable":true,"href":"https:\/\/antiguaesportiva.com\/revista\/wp-json\/wp\/v2\/categories?post=13075"},{"taxonomy":"post_tag","embeddable":true,"href":"https:\/\/antiguaesportiva.com\/revista\/wp-json\/wp\/v2\/tags?post=13075"}],"curies":[{"name":"wp","href":"https:\/\/api.w.org\/{rel}","templated":true}]}}