{"id":13069,"date":"2026-04-27T16:12:23","date_gmt":"2026-04-27T22:12:23","guid":{"rendered":"https:\/\/antiguaesportiva.com\/revista\/?p=13069"},"modified":"2026-04-27T16:12:25","modified_gmt":"2026-04-27T22:12:25","slug":"acevedo-estamos-obligados-a-salir-campeones","status":"publish","type":"post","link":"https:\/\/antiguaesportiva.com\/revista\/2026\/04\/27\/acevedo-estamos-obligados-a-salir-campeones\/","title":{"rendered":"Acevedo: &#8220;Estamos obligados a salir Campeones&#8221;."},"content":{"rendered":"\n<p class=\"has-black-color has-text-color has-link-color wp-elements-e507f91babfbe0c6f5a821ed8af14a88\">El t\u00e9cnico de CSD Municipal sin tapujos. Dijo que est\u00e1n OBLIGADOS a coronar el Clausura 2026 de Liga Nacional. <\/p>\n\n\n\n<p class=\"has-black-color has-text-color has-link-color wp-elements-539bb9de4e69faaac4533b77ec30398d\">El CSD Municipal sell\u00f3 su clasificaci\u00f3n a la Fase Final con una demostraci\u00f3n de solidez t\u00e9cnica y contundencia ofensiva. Al derrotar por 3-0 al Deportivo Mixco en la \u00faltima jornada de la Fase Regular, el conjunto &#8216;Escarlata&#8217; no solo asegur\u00f3 los tres puntos, sino que ratific\u00f3 su posici\u00f3n como uno de los candidatos naturales al t\u00edtulo. Pese a que el triunfo fue categ\u00f3rico, el resultado dej\u00f3 un sabor agridulce en la instituci\u00f3n, pues los situ\u00f3 en la segunda plaza de la tabla general, apenas un escal\u00f3n por debajo del liderato que se hab\u00edan trazado como meta primordial al inicio del certamen.<\/p>\n\n\n\n<h2 class=\"wp-block-heading\">Acevedo, contundente<\/h2>\n\n\n\n<p class=\"has-black-color has-text-color has-link-color wp-elements-aec6503c4c24d716ff69ed33f5586804\">Tras el pitazo final, el estratega Mario Acevedo compareci\u00f3 ante los medios con un discurso que equilibr\u00f3 la satisfacci\u00f3n del rendimiento inmediato con la exigencia hist\u00f3rica del club. Acevedo destac\u00f3 la seriedad con la que sus dirigidos afrontaron el compromiso, subrayando que las sensaciones en el vestuario son positivas de cara a la etapa de eliminaci\u00f3n directa. Aunque reconoci\u00f3 que el objetivo de finalizar en la cima no se cumpli\u00f3, el t\u00e9cnico fue enf\u00e1tico al se\u00f1alar que la ruta hacia el trofeo no admite concesiones: &#8220;Para alcanzar la gloria, el equipo debe estar preparado para superar a cualquier rival que se cruce en su camino&#8221;, enunci\u00f3. <\/p>\n\n\n\n<p class=\"has-black-color has-text-color has-link-color wp-elements-12748ee1aaff2dc5df54e6664aa0862a\">La mirada de la escuadra &#8216;Roja&#8217; ya est\u00e1 puesta en los Cuartos de Final, donde deber\u00e1n medir fuerzas contra el Deportivo Guastatoya. Acevedo no escatim\u00f3 en elogios para su pr\u00f3ximo adversario, calific\u00e1ndolo como un equipo que ha experimentado un crecimiento notable y que atraviesa un momento de forma ascendente. El an\u00e1lisis t\u00e9cnico prev\u00e9 una serie de alta intensidad y complejidad t\u00e1ctica, especialmente considerando que los &#8216;Pecho Amarillo&#8217; se han consolidado como un bloque compacto y dif\u00edcil de vulnerar en las instancias definitivas del f\u00fatbol guatemalteco.<\/p>\n\n\n\n<h2 class=\"wp-block-heading\">Una declaraci\u00f3n que exige<\/h2>\n\n\n\n<p class=\"has-black-color has-text-color has-link-color wp-elements-cba086ed4619a2bfc8b308d109d82183\">La responsabilidad hist\u00f3rica de Municipal pesa en cada una de las declaraciones de su cuerpo t\u00e9cnico. &#8220;Municipal tiene la obligaci\u00f3n de salir campe\u00f3n&#8221;, afirm\u00f3 Acevedo, asumiendo el rol protag\u00f3nico que la afici\u00f3n y la prensa especializada otorgan al club. La estrategia para la liguilla se fundamenta en mantener la inercia ganadora y traducir el esfuerzo realizado durante la fase de clasificaci\u00f3n en una mentalidad resiliente que les permita pelear hasta el \u00faltimo minuto de la competici\u00f3n. Para el timonel, la convicci\u00f3n es clara: el equipo tiene los argumentos futbol\u00edsticos necesarios para alzar la copa.<\/p>\n\n\n\n<p class=\"has-black-color has-text-color has-link-color wp-elements-baaa78f606fe1bed585f648ce8b33ba3\">Sin tiempo para el descanso, el plantel retom\u00f3 hoy las sesiones de entrenamiento con el objetivo de afinar detalles para el duelo de ida en El Progreso. La planificaci\u00f3n para este jueves es vital: obtener un resultado positivo en condici\u00f3n de visitante que les permita gestionar la vuelta con mayor solvencia y dar el primer paso firme hacia las semifinales. Con un equilibrio entre la precauci\u00f3n t\u00e1ctica y la ambici\u00f3n deportiva, Municipal inicia su camino en la postemporada con la jerarqu\u00eda que su escudo demanda.<\/p>\n","protected":false},"excerpt":{"rendered":"<p>El t\u00e9cnico de CSD Municipal sin tapujos. Dijo que est\u00e1n OBLIGADOS a coronar el Clausura 2026 de Liga Nacional. El CSD Municipal sell\u00f3 su clasificaci\u00f3n a la Fase Final con una demostraci\u00f3n de solidez t\u00e9cnica y contundencia ofensiva. Al derrotar por 3-0 al Deportivo Mixco en la \u00faltima jornada de la Fase Regular, el conjunto [&hellip;]<\/p>\n","protected":false},"author":5,"featured_media":13070,"comment_status":"closed","ping_status":"closed","sticky":false,"template":"","format":"standard","meta":{"footnotes":""},"categories":[31],"tags":[47,1322,76,48,49,56,55,645,1361],"class_list":["post-13069","post","type-post","status-publish","format-standard","has-post-thumbnail","hentry","category-liga-nacional","tag-antigua-esportiva","tag-clausura-2026","tag-csd-municipal","tag-kenny-rodas","tag-kenny-sports","tag-liga-nacional","tag-liga-nacional-de-futbol-de-guatemala","tag-mario-acevedo","tag-torneo-clausura-2026"],"_links":{"self":[{"href":"https:\/\/antiguaesportiva.com\/revista\/wp-json\/wp\/v2\/posts\/13069","targetHints":{"allow":["GET"]}}],"collection":[{"href":"https:\/\/antiguaesportiva.com\/revista\/wp-json\/wp\/v2\/posts"}],"about":[{"href":"https:\/\/antiguaesportiva.com\/revista\/wp-json\/wp\/v2\/types\/post"}],"author":[{"embeddable":true,"href":"https:\/\/antiguaesportiva.com\/revista\/wp-json\/wp\/v2\/users\/5"}],"replies":[{"embeddable":true,"href":"https:\/\/antiguaesportiva.com\/revista\/wp-json\/wp\/v2\/comments?post=13069"}],"version-history":[{"count":1,"href":"https:\/\/antiguaesportiva.com\/revista\/wp-json\/wp\/v2\/posts\/13069\/revisions"}],"predecessor-version":[{"id":13071,"href":"https:\/\/antiguaesportiva.com\/revista\/wp-json\/wp\/v2\/posts\/13069\/revisions\/13071"}],"wp:featuredmedia":[{"embeddable":true,"href":"https:\/\/antiguaesportiva.com\/revista\/wp-json\/wp\/v2\/media\/13070"}],"wp:attachment":[{"href":"https:\/\/antiguaesportiva.com\/revista\/wp-json\/wp\/v2\/media?parent=13069"}],"wp:term":[{"taxonomy":"category","embeddable":true,"href":"https:\/\/antiguaesportiva.com\/revista\/wp-json\/wp\/v2\/categories?post=13069"},{"taxonomy":"post_tag","embeddable":true,"href":"https:\/\/antiguaesportiva.com\/revista\/wp-json\/wp\/v2\/tags?post=13069"}],"curies":[{"name":"wp","href":"https:\/\/api.w.org\/{rel}","templated":true}]}}