{"id":13059,"date":"2026-04-27T13:30:39","date_gmt":"2026-04-27T19:30:39","guid":{"rendered":"https:\/\/antiguaesportiva.com\/revista\/?p=13059"},"modified":"2026-04-27T13:30:40","modified_gmt":"2026-04-27T19:30:40","slug":"roberto-hernandez-me-veo-en-la-final-desde-el-primer-dia","status":"publish","type":"post","link":"https:\/\/antiguaesportiva.com\/revista\/2026\/04\/27\/roberto-hernandez-me-veo-en-la-final-desde-el-primer-dia\/","title":{"rendered":"Roberto Hern\u00e1ndez: Me veo en la final desde el primer d\u00eda"},"content":{"rendered":"\n<p>El director t\u00e9cnico de Xelaj\u00fa MC, Roberto Hern\u00e1ndez, comparti\u00f3 sus ambiciones y el balance de su gesti\u00f3n al frente del cuadro altense. Tras una temporada marcada por la estabilidad y el enfoque estrat\u00e9gico, el estratega mexicano no oculta su deseo de culminar este proceso con un t\u00edtulo que quede grabado en la historia del club quetzalteco.<\/p>\n\n\n\n<figure class=\"wp-block-image size-full is-resized\"><img loading=\"lazy\" decoding=\"async\" width=\"700\" height=\"250\" src=\"https:\/\/antiguaesportiva.com\/revista\/wp-content\/uploads\/2025\/12\/fisiocas-web.png\" alt=\"\" class=\"wp-image-11081\" style=\"width:493px;height:auto\" srcset=\"https:\/\/antiguaesportiva.com\/revista\/wp-content\/uploads\/2025\/12\/fisiocas-web.png 700w, https:\/\/antiguaesportiva.com\/revista\/wp-content\/uploads\/2025\/12\/fisiocas-web-300x107.png 300w, https:\/\/antiguaesportiva.com\/revista\/wp-content\/uploads\/2025\/12\/fisiocas-web-554x198.png 554w\" sizes=\"auto, (max-width: 700px) 100vw, 700px\" \/><figcaption class=\"wp-element-caption\">Fisioterapia<\/figcaption><\/figure>\n\n\n\n<hr class=\"wp-block-separator has-alpha-channel-opacity\"\/>\n\n\n\n<h3 class=\"wp-block-heading\">Un proceso de madurez y estabilidad<\/h3>\n\n\n\n<p>Desde su llegada a la instituci\u00f3n, Hern\u00e1ndez ha logrado imprimir un sello de orden y consistencia en el plantel. A pesar de ser su primer torneo en el banquillo de los &#8220;Superchivos&#8221;, el equipo mostr\u00f3 una faceta competitiva que los mantuvo como protagonistas en la tabla general.<\/p>\n\n\n\n<p>La gesti\u00f3n del t\u00e9cnico se caracteriz\u00f3 por la resiliencia. Tras el cierre de la participaci\u00f3n en el torneo de la Concacaf, donde los resultados no fueron los esperados, Hern\u00e1ndez realiz\u00f3 un ajuste de prioridades que result\u00f3 clave para el grupo. El estratega admiti\u00f3 que, ante la eliminaci\u00f3n internacional, el enfoque absoluto se trasladar\u00eda a la Liga Nacional, una promesa que cumpli\u00f3 al mantener a Xelaj\u00fa en los puestos de privilegio a lo largo de la fase regular.<\/p>\n\n\n\n<h3 class=\"wp-block-heading\">La visi\u00f3n de un campeonato: &#8220;Queremos ponerle una luna m\u00e1s&#8221;<\/h3>\n\n\n\n<p>En una reciente entrevista, Hern\u00e1ndez abri\u00f3 su coraz\u00f3n sobre lo que significa dirigir a un equipo con la tradici\u00f3n de Xelaj\u00fa. El t\u00e9cnico fue contundente al expresar que su mentalidad ha sido ganadora desde el momento en que asumi\u00f3 el cargo.<\/p>\n\n\n\n<blockquote class=\"wp-block-quote is-layout-flow wp-block-quote-is-layout-flow\">\n<p>&#8220;Me veo en la final desde el d\u00eda que me sent\u00e9 aqu\u00ed por primera vez con el presidente y con el licenciado. Me veo festejando&#8221;, afirm\u00f3 el timonel con seguridad.<\/p>\n<\/blockquote>\n\n\n\n<p>El estratega tambi\u00e9n destac\u00f3 la conexi\u00f3n que siente con la afici\u00f3n altense, mencionando que ha sido testigo de la pasi\u00f3n con la que se vive el f\u00fatbol en Quetzaltenango. &#8220;He visto los festejos y los banderazos que arman ac\u00e1 y la verdad que quiero vivirlo. Quiero ponerle una luna m\u00e1s a este equipo porque se lo merece y porque nos lo merecemos todos&#8221;, a\u00f1adi\u00f3, haciendo alusi\u00f3n al emblem\u00e1tico escudo del club.<\/p>\n\n\n\n<figure class=\"wp-block-image size-large is-resized\"><img loading=\"lazy\" decoding=\"async\" width=\"723\" height=\"1024\" src=\"https:\/\/antiguaesportiva.com\/revista\/wp-content\/uploads\/2025\/10\/basico26@3x-723x1024.png\" alt=\"\" class=\"wp-image-9807\" style=\"aspect-ratio:0.7060609759819331;width:436px;height:auto\" srcset=\"https:\/\/antiguaesportiva.com\/revista\/wp-content\/uploads\/2025\/10\/basico26@3x-723x1024.png 723w, https:\/\/antiguaesportiva.com\/revista\/wp-content\/uploads\/2025\/10\/basico26@3x-212x300.png 212w, https:\/\/antiguaesportiva.com\/revista\/wp-content\/uploads\/2025\/10\/basico26@3x-554x784.png 554w, https:\/\/antiguaesportiva.com\/revista\/wp-content\/uploads\/2025\/10\/basico26@3x.png 750w\" sizes=\"auto, (max-width: 723px) 100vw, 723px\" \/><\/figure>\n\n\n\n<h3 class=\"wp-block-heading\">El camino hacia la fase final<\/h3>\n\n\n\n<p>Con un torneo que ha destacado por su paridad, Xelaj\u00fa MC llega a las instancias decisivas con la etiqueta de ser un equipo s\u00f3lido y dif\u00edcil de batir. La mano de Roberto Hern\u00e1ndez ha sido evidente en la gesti\u00f3n de los momentos cr\u00edticos, logrando que el equipo no perdiera el rumbo tras los baches iniciales.<\/p>\n\n\n\n<p>Ahora, con la mirada puesta en la liguilla, el objetivo es claro: transformar el buen funcionamiento colectivo en un boleto a la gran final. Para Hern\u00e1ndez y sus dirigidos, el reto no es solo participar, sino cumplir con la expectativa de una ciudad que sue\u00f1a con ver a su equipo levantar una nueva copa en el f\u00fatbol guatemalteco.<\/p>\n","protected":false},"excerpt":{"rendered":"<p>El director t\u00e9cnico de Xelaj\u00fa MC, Roberto Hern\u00e1ndez, comparti\u00f3 sus ambiciones y el balance de su gesti\u00f3n al frente del cuadro altense. Tras una temporada marcada por la estabilidad y el enfoque estrat\u00e9gico, el estratega mexicano no oculta su deseo de culminar este proceso con un t\u00edtulo que quede grabado en la historia del club [&hellip;]<\/p>\n","protected":false},"author":9,"featured_media":13060,"comment_status":"closed","ping_status":"closed","sticky":false,"template":"","format":"standard","meta":{"footnotes":""},"categories":[31],"tags":[47,880,1519,56,55,1361,1239],"class_list":["post-13059","post","type-post","status-publish","format-standard","has-post-thumbnail","hentry","category-liga-nacional","tag-antigua-esportiva","tag-cuartos-de-final","tag-dt-roberto-hernandez","tag-liga-nacional","tag-liga-nacional-de-futbol-de-guatemala","tag-torneo-clausura-2026","tag-xelaju-mc-2"],"_links":{"self":[{"href":"https:\/\/antiguaesportiva.com\/revista\/wp-json\/wp\/v2\/posts\/13059","targetHints":{"allow":["GET"]}}],"collection":[{"href":"https:\/\/antiguaesportiva.com\/revista\/wp-json\/wp\/v2\/posts"}],"about":[{"href":"https:\/\/antiguaesportiva.com\/revista\/wp-json\/wp\/v2\/types\/post"}],"author":[{"embeddable":true,"href":"https:\/\/antiguaesportiva.com\/revista\/wp-json\/wp\/v2\/users\/9"}],"replies":[{"embeddable":true,"href":"https:\/\/antiguaesportiva.com\/revista\/wp-json\/wp\/v2\/comments?post=13059"}],"version-history":[{"count":1,"href":"https:\/\/antiguaesportiva.com\/revista\/wp-json\/wp\/v2\/posts\/13059\/revisions"}],"predecessor-version":[{"id":13061,"href":"https:\/\/antiguaesportiva.com\/revista\/wp-json\/wp\/v2\/posts\/13059\/revisions\/13061"}],"wp:featuredmedia":[{"embeddable":true,"href":"https:\/\/antiguaesportiva.com\/revista\/wp-json\/wp\/v2\/media\/13060"}],"wp:attachment":[{"href":"https:\/\/antiguaesportiva.com\/revista\/wp-json\/wp\/v2\/media?parent=13059"}],"wp:term":[{"taxonomy":"category","embeddable":true,"href":"https:\/\/antiguaesportiva.com\/revista\/wp-json\/wp\/v2\/categories?post=13059"},{"taxonomy":"post_tag","embeddable":true,"href":"https:\/\/antiguaesportiva.com\/revista\/wp-json\/wp\/v2\/tags?post=13059"}],"curies":[{"name":"wp","href":"https:\/\/api.w.org\/{rel}","templated":true}]}}