{"id":13032,"date":"2026-04-26T17:17:59","date_gmt":"2026-04-26T23:17:59","guid":{"rendered":"https:\/\/antiguaesportiva.com\/revista\/?p=13032"},"modified":"2026-04-26T17:18:00","modified_gmt":"2026-04-26T23:18:00","slug":"xelaju-mc-conquista-el-liderato-general-tras-doblegar-a-coban-imperial-en-el-cierre-de-la-fase-regular","status":"publish","type":"post","link":"https:\/\/antiguaesportiva.com\/revista\/2026\/04\/26\/xelaju-mc-conquista-el-liderato-general-tras-doblegar-a-coban-imperial-en-el-cierre-de-la-fase-regular\/","title":{"rendered":"Xelaj\u00fa MC conquista el liderato general tras doblegar a Cob\u00e1n Imperial en el cierre de la fase regular"},"content":{"rendered":"\n<p><strong>Con una actuaci\u00f3n determinante de Ricardo M\u00e1rquez y Steven C\u00e1rdenas, el cuadro &#8220;Superchivo&#8221; asegura la cima de la tabla en la \u00faltima jornada.<\/strong><\/p>\n\n\n\n<p>En una tarde que quedar\u00e1 grabada en la memoria de la afici\u00f3n altense, el Xelaj\u00fa Mario Camposeco sell\u00f3 una fase de clasificaci\u00f3n impecable al derrotar 2-1 a Cob\u00e1n Imperial. El triunfo no solo representa tres puntos m\u00e1s en la estad\u00edstica, sino la confirmaci\u00f3n del equipo como el rival a vencer de cara a la liguilla, finalizando la jornada 22 en lo m\u00e1s alto de la clasificaci\u00f3n.<\/p>\n\n\n\n<figure class=\"wp-block-image size-full is-resized\"><img loading=\"lazy\" decoding=\"async\" width=\"700\" height=\"250\" src=\"https:\/\/antiguaesportiva.com\/revista\/wp-content\/uploads\/2025\/12\/Banners-web.png\" alt=\"\" class=\"wp-image-11084\" style=\"width:482px;height:auto\" srcset=\"https:\/\/antiguaesportiva.com\/revista\/wp-content\/uploads\/2025\/12\/Banners-web.png 700w, https:\/\/antiguaesportiva.com\/revista\/wp-content\/uploads\/2025\/12\/Banners-web-300x107.png 300w, https:\/\/antiguaesportiva.com\/revista\/wp-content\/uploads\/2025\/12\/Banners-web-554x198.png 554w\" sizes=\"auto, (max-width: 700px) 100vw, 700px\" \/><\/figure>\n\n\n\n<h2 class=\"wp-block-heading\">El factor juventud rompe el cerrojo<\/h2>\n\n\n\n<p>Tras una primera mitad de mucha fricci\u00f3n y pocas libertades en el centro del campo, la charla t\u00e9cnica del entretiempo surti\u00f3 efecto inmediato para los locales. Al minuto 50, el juvenil Ricardo M\u00e1rquez se visti\u00f3 de h\u00e9roe al aprovechar una oportunidad clara frente al arco rival, definiendo con la serenidad de un veterano para poner el 1-0.<\/p>\n\n\n\n<p>El gol de M\u00e1rquez fue el catalizador que necesitaba el Mario Camposeco. La presi\u00f3n alta de los dirigidos por el cuerpo t\u00e9cnico altense asfixi\u00f3 la salida de los &#8220;Pr\u00edncipes Azules&#8221;, quienes no lograban acomodarse tras el golpe inicial.<\/p>\n\n\n\n<figure class=\"wp-block-image size-full is-resized\"><img loading=\"lazy\" decoding=\"async\" width=\"700\" height=\"250\" src=\"https:\/\/antiguaesportiva.com\/revista\/wp-content\/uploads\/2025\/12\/fisiocas-web.png\" alt=\"\" class=\"wp-image-11081\" style=\"width:650px;height:auto\" srcset=\"https:\/\/antiguaesportiva.com\/revista\/wp-content\/uploads\/2025\/12\/fisiocas-web.png 700w, https:\/\/antiguaesportiva.com\/revista\/wp-content\/uploads\/2025\/12\/fisiocas-web-300x107.png 300w, https:\/\/antiguaesportiva.com\/revista\/wp-content\/uploads\/2025\/12\/fisiocas-web-554x198.png 554w\" sizes=\"auto, (max-width: 700px) 100vw, 700px\" \/><figcaption class=\"wp-element-caption\">Fisioterapia<\/figcaption><\/figure>\n\n\n\n<h2 class=\"wp-block-heading\">C\u00e1rdenas sentencia y asegura la cima<\/h2>\n\n\n\n<p>Con el dominio del esf\u00e9rico y el factor an\u00edmico a su favor, Xelaj\u00fa continu\u00f3 volcado al ataque. La recompensa lleg\u00f3 por conducto de Steven C\u00e1rdenas, quien con una ejecuci\u00f3n precisa ampli\u00f3 la ventaja a 2-0. La anotaci\u00f3n de C\u00e1rdenas trajo la tranquilidad necesaria para gestionar el resto del encuentro, pese a los esfuerzos finales del conjunto cobanero por meterse de nuevo en el partido.<\/p>\n","protected":false},"excerpt":{"rendered":"<p>Con una actuaci\u00f3n determinante de Ricardo M\u00e1rquez y Steven C\u00e1rdenas, el cuadro &#8220;Superchivo&#8221; asegura la cima de la tabla en la \u00faltima jornada. En una tarde que quedar\u00e1 grabada en la memoria de la afici\u00f3n altense, el Xelaj\u00fa Mario Camposeco sell\u00f3 una fase de clasificaci\u00f3n impecable al derrotar 2-1 a Cob\u00e1n Imperial. El triunfo no [&hellip;]<\/p>\n","protected":false},"author":9,"featured_media":13033,"comment_status":"closed","ping_status":"closed","sticky":false,"template":"","format":"standard","meta":{"footnotes":""},"categories":[31],"tags":[47,291,56,55,1361,1239],"class_list":["post-13032","post","type-post","status-publish","format-standard","has-post-thumbnail","hentry","category-liga-nacional","tag-antigua-esportiva","tag-guatemala","tag-liga-nacional","tag-liga-nacional-de-futbol-de-guatemala","tag-torneo-clausura-2026","tag-xelaju-mc-2"],"_links":{"self":[{"href":"https:\/\/antiguaesportiva.com\/revista\/wp-json\/wp\/v2\/posts\/13032","targetHints":{"allow":["GET"]}}],"collection":[{"href":"https:\/\/antiguaesportiva.com\/revista\/wp-json\/wp\/v2\/posts"}],"about":[{"href":"https:\/\/antiguaesportiva.com\/revista\/wp-json\/wp\/v2\/types\/post"}],"author":[{"embeddable":true,"href":"https:\/\/antiguaesportiva.com\/revista\/wp-json\/wp\/v2\/users\/9"}],"replies":[{"embeddable":true,"href":"https:\/\/antiguaesportiva.com\/revista\/wp-json\/wp\/v2\/comments?post=13032"}],"version-history":[{"count":1,"href":"https:\/\/antiguaesportiva.com\/revista\/wp-json\/wp\/v2\/posts\/13032\/revisions"}],"predecessor-version":[{"id":13034,"href":"https:\/\/antiguaesportiva.com\/revista\/wp-json\/wp\/v2\/posts\/13032\/revisions\/13034"}],"wp:featuredmedia":[{"embeddable":true,"href":"https:\/\/antiguaesportiva.com\/revista\/wp-json\/wp\/v2\/media\/13033"}],"wp:attachment":[{"href":"https:\/\/antiguaesportiva.com\/revista\/wp-json\/wp\/v2\/media?parent=13032"}],"wp:term":[{"taxonomy":"category","embeddable":true,"href":"https:\/\/antiguaesportiva.com\/revista\/wp-json\/wp\/v2\/categories?post=13032"},{"taxonomy":"post_tag","embeddable":true,"href":"https:\/\/antiguaesportiva.com\/revista\/wp-json\/wp\/v2\/tags?post=13032"}],"curies":[{"name":"wp","href":"https:\/\/api.w.org\/{rel}","templated":true}]}}