{"id":13020,"date":"2026-04-25T16:36:40","date_gmt":"2026-04-25T22:36:40","guid":{"rendered":"https:\/\/antiguaesportiva.com\/revista\/?p=13020"},"modified":"2026-04-25T16:36:41","modified_gmt":"2026-04-25T22:36:41","slug":"comunicaciones-en-alerta-figueroa-apuesta-por-la-cantera-para-enfrentar-a-malacateco","status":"publish","type":"post","link":"https:\/\/antiguaesportiva.com\/revista\/2026\/04\/25\/comunicaciones-en-alerta-figueroa-apuesta-por-la-cantera-para-enfrentar-a-malacateco\/","title":{"rendered":"Comunicaciones en alerta: Figueroa apuesta por la cantera para enfrentar a Malacateco"},"content":{"rendered":"\n<p>El conjunto de Comunicaciones FC encara un escenario cr\u00edtico para la jornada 22 del torneo nacional. La presi\u00f3n no solo recae en la necesidad de sumar puntos, sino en una compleja gesti\u00f3n de plantilla que ha obligado al director t\u00e9cnico, Marco Antonio Figueroa, a realizar movimientos dr\u00e1sticos en su convocatoria oficial para el duelo frente a Malacateco.<\/p>\n\n\n\n<figure class=\"wp-block-image size-full is-resized\"><img loading=\"lazy\" decoding=\"async\" width=\"700\" height=\"250\" src=\"https:\/\/antiguaesportiva.com\/revista\/wp-content\/uploads\/2025\/12\/fisiocas-web.png\" alt=\"\" class=\"wp-image-11081\" style=\"width:529px;height:auto\" srcset=\"https:\/\/antiguaesportiva.com\/revista\/wp-content\/uploads\/2025\/12\/fisiocas-web.png 700w, https:\/\/antiguaesportiva.com\/revista\/wp-content\/uploads\/2025\/12\/fisiocas-web-300x107.png 300w, https:\/\/antiguaesportiva.com\/revista\/wp-content\/uploads\/2025\/12\/fisiocas-web-554x198.png 554w\" sizes=\"auto, (max-width: 700px) 100vw, 700px\" \/><figcaption class=\"wp-element-caption\">Fisioterapia<\/figcaption><\/figure>\n\n\n\n<hr class=\"wp-block-separator has-alpha-channel-opacity\"\/>\n\n\n\n<h3 class=\"wp-block-heading\">Bajas sensibles y rotaci\u00f3n obligada<\/h3>\n\n\n\n<p>El cuerpo t\u00e9cnico albo ha tenido que lidiar con un rompecabezas t\u00e1ctico en las \u00faltimas horas. Entre suspensiones, jugadores lesionados y la acumulaci\u00f3n de tarjetas amarillas de piezas clave, el &#8220;Fantasma&#8221; Figueroa se ha visto forzado a dejar a varios de sus titulares habituales en casa.<\/p>\n\n\n\n<p>Esta decisi\u00f3n busca proteger la integridad f\u00edsica del plantel de cara a las instancias finales, pero tambi\u00e9n responde a la urgencia de cumplir con un reglamento administrativo que acecha al club.<\/p>\n\n\n\n<h3 class=\"wp-block-heading\">El reto de los minutos de edad limitada<\/h3>\n\n\n\n<p>Uno de los factores determinantes para esta convocatoria es la urgencia por sumar los minutos acumulados de jugadores de edad limitada. Ante el d\u00e9ficit en este rubro, Figueroa ha incluido a varios elementos de la Categor\u00eda Especial, quienes tendr\u00e1n la responsabilidad de dar la cara en un escenario complicado como el territorio de los Toros.<\/p>\n\n\n\n<p>La lista de convocados presentada destaca por una mezcla de veteran\u00eda en defensa y una notable juventud en el mediocampo y la ofensiva:<\/p>\n\n\n\n<ul class=\"wp-block-list\">\n<li><strong>Porter\u00eda:<\/strong> Arnold Barrios y Jorge Moreno.<\/li>\n\n\n\n<li><strong>Defensa:<\/strong> Destacan nombres de experiencia como Rafael Morales y Wilson Pineda, acompa\u00f1ados por j\u00f3venes como David Prada y Sebastian Morales.<\/li>\n\n\n\n<li><strong>Medio y Delantera:<\/strong> Se integran piezas como Joseph Folgar y Josu\u00e9 Padilla para refrescar las l\u00edneas ante las ausencias de los referentes habituales.<\/li>\n<\/ul>\n\n\n\n<figure class=\"wp-block-image size-full is-resized\"><img loading=\"lazy\" decoding=\"async\" width=\"700\" height=\"250\" src=\"https:\/\/antiguaesportiva.com\/revista\/wp-content\/uploads\/2025\/12\/Banners-web.png\" alt=\"\" class=\"wp-image-11084\" style=\"width:524px;height:auto\" srcset=\"https:\/\/antiguaesportiva.com\/revista\/wp-content\/uploads\/2025\/12\/Banners-web.png 700w, https:\/\/antiguaesportiva.com\/revista\/wp-content\/uploads\/2025\/12\/Banners-web-300x107.png 300w, https:\/\/antiguaesportiva.com\/revista\/wp-content\/uploads\/2025\/12\/Banners-web-554x198.png 554w\" sizes=\"auto, (max-width: 700px) 100vw, 700px\" \/><\/figure>\n\n\n\n<hr class=\"wp-block-separator has-alpha-channel-opacity\"\/>\n\n\n\n<h3 class=\"wp-block-heading\">\u00bfPeligra el resultado en Malacat\u00e1n?<\/h3>\n\n\n\n<p>La decisi\u00f3n de viajar con un plantel alternativo y cargado de juveniles representa un arma de doble filo. Si bien permite oxigenar al equipo y cumplir con el reglamento de minutos, jugar en una cancha tan exigente como la de Malacateco con un equipo poco habituado a jugar junto podr\u00eda comprometer el resultado deportivo.<\/p>\n\n\n\n<p>El planteamiento de ma\u00f1ana ser\u00e1 una prueba de fuego para la capacidad de gesti\u00f3n de Figueroa, quien deber\u00e1 demostrar que su sistema t\u00e1ctico puede sostenerse incluso cuando los nombres de peso no est\u00e1n presentes en el once inicial. \u00bfPodr\u00e1n los j\u00f3venes de la especial responder a la exigencia de la Liga Nacional o ser\u00e1 Malacateco quien aproveche la vulnerabilidad de un equipo en aprietos?<\/p>\n","protected":false},"excerpt":{"rendered":"<p>El conjunto de Comunicaciones FC encara un escenario cr\u00edtico para la jornada 22 del torneo nacional. La presi\u00f3n no solo recae en la necesidad de sumar puntos, sino en una compleja gesti\u00f3n de plantilla que ha obligado al director t\u00e9cnico, Marco Antonio Figueroa, a realizar movimientos dr\u00e1sticos en su convocatoria oficial para el duelo frente [&hellip;]<\/p>\n","protected":false},"author":9,"featured_media":13021,"comment_status":"closed","ping_status":"closed","sticky":false,"template":"","format":"standard","meta":{"footnotes":""},"categories":[31],"tags":[47,1180,1733,56,55,1361],"class_list":["post-13020","post","type-post","status-publish","format-standard","has-post-thumbnail","hentry","category-liga-nacional","tag-antigua-esportiva","tag-comunicaciones-2","tag-dt-antonio-figueroa","tag-liga-nacional","tag-liga-nacional-de-futbol-de-guatemala","tag-torneo-clausura-2026"],"_links":{"self":[{"href":"https:\/\/antiguaesportiva.com\/revista\/wp-json\/wp\/v2\/posts\/13020","targetHints":{"allow":["GET"]}}],"collection":[{"href":"https:\/\/antiguaesportiva.com\/revista\/wp-json\/wp\/v2\/posts"}],"about":[{"href":"https:\/\/antiguaesportiva.com\/revista\/wp-json\/wp\/v2\/types\/post"}],"author":[{"embeddable":true,"href":"https:\/\/antiguaesportiva.com\/revista\/wp-json\/wp\/v2\/users\/9"}],"replies":[{"embeddable":true,"href":"https:\/\/antiguaesportiva.com\/revista\/wp-json\/wp\/v2\/comments?post=13020"}],"version-history":[{"count":1,"href":"https:\/\/antiguaesportiva.com\/revista\/wp-json\/wp\/v2\/posts\/13020\/revisions"}],"predecessor-version":[{"id":13022,"href":"https:\/\/antiguaesportiva.com\/revista\/wp-json\/wp\/v2\/posts\/13020\/revisions\/13022"}],"wp:featuredmedia":[{"embeddable":true,"href":"https:\/\/antiguaesportiva.com\/revista\/wp-json\/wp\/v2\/media\/13021"}],"wp:attachment":[{"href":"https:\/\/antiguaesportiva.com\/revista\/wp-json\/wp\/v2\/media?parent=13020"}],"wp:term":[{"taxonomy":"category","embeddable":true,"href":"https:\/\/antiguaesportiva.com\/revista\/wp-json\/wp\/v2\/categories?post=13020"},{"taxonomy":"post_tag","embeddable":true,"href":"https:\/\/antiguaesportiva.com\/revista\/wp-json\/wp\/v2\/tags?post=13020"}],"curies":[{"name":"wp","href":"https:\/\/api.w.org\/{rel}","templated":true}]}}