{"id":13016,"date":"2026-04-25T16:24:02","date_gmt":"2026-04-25T22:24:02","guid":{"rendered":"https:\/\/antiguaesportiva.com\/revista\/?p=13016"},"modified":"2026-04-25T16:24:03","modified_gmt":"2026-04-25T22:24:03","slug":"jose-guillermo-ramirez-se-integra-al-primer-equipo-de-comunicaciones-fc","status":"publish","type":"post","link":"https:\/\/antiguaesportiva.com\/revista\/2026\/04\/25\/jose-guillermo-ramirez-se-integra-al-primer-equipo-de-comunicaciones-fc\/","title":{"rendered":"Jos\u00e9 Guillermo Ram\u00edrez se integra al primer equipo de Comunicaciones FC"},"content":{"rendered":"\n<p>El cuerpo t\u00e9cnico de Comunicaciones FC, encabezado por el estratega Marco Antonio Figueroa, ha sorprendido al entorno deportivo nacional al incluir en su reciente convocatoria a una de las promesas de la cantera blanca: Jos\u00e9 Guillermo Ram\u00edrez. El joven atacante, conocido en el \u00e1mbito juvenil como &#8220;Chepibe&#8221;, recibe su primer llamado formal para trabajar con el plantel mayor en la Liga Nacional.<\/p>\n\n\n\n<figure class=\"wp-block-image size-full is-resized\"><img loading=\"lazy\" decoding=\"async\" width=\"700\" height=\"250\" src=\"https:\/\/antiguaesportiva.com\/revista\/wp-content\/uploads\/2025\/12\/Banners-web.png\" alt=\"\" class=\"wp-image-11084\" style=\"width:496px;height:auto\" srcset=\"https:\/\/antiguaesportiva.com\/revista\/wp-content\/uploads\/2025\/12\/Banners-web.png 700w, https:\/\/antiguaesportiva.com\/revista\/wp-content\/uploads\/2025\/12\/Banners-web-300x107.png 300w, https:\/\/antiguaesportiva.com\/revista\/wp-content\/uploads\/2025\/12\/Banners-web-554x198.png 554w\" sizes=\"auto, (max-width: 700px) 100vw, 700px\" \/><\/figure>\n\n\n\n<hr class=\"wp-block-separator has-alpha-channel-opacity\"\/>\n\n\n\n<h3 class=\"wp-block-heading\">Talento en el \u00e1rea: El perfil de &#8220;Chepibe&#8221;<\/h3>\n\n\n\n<p>Jos\u00e9 Guillermo Ram\u00edrez se ha destacado en las divisiones formativas del club gracias a su capacidad ofensiva y olfato goleador. Desempe\u00f1\u00e1ndose principalmente como delantero, Ram\u00edrez ha demostrado una evoluci\u00f3n constante en su juego f\u00edsico y t\u00e9cnico, caracter\u00edsticas que finalmente captaron la atenci\u00f3n del &#8220;Fantasma&#8221; Figueroa para integrarlo a la din\u00e1mica del equipo profesional.<\/p>\n\n\n\n<p>La inclusi\u00f3n de Ram\u00edrez no solo responde a una necesidad t\u00e1ctica, sino tambi\u00e9n a una pol\u00edtica de renovaci\u00f3n que el club ha intentado implementar para dar salida a los valores generados en su propia estructura de fuerzas b\u00e1sicas.<\/p>\n\n\n\n<hr class=\"wp-block-separator has-alpha-channel-opacity\"\/>\n\n\n\n<h3 class=\"wp-block-heading\">Un v\u00ednculo hist\u00f3rico en el f\u00fatbol guatemalteco<\/h3>\n\n\n\n<p>El ascenso de &#8220;Chepibe&#8221; al primer equipo genera un inter\u00e9s particular debido a su linaje deportivo. Es hijo de Guillermo &#8220;El Pando&#8221; Ram\u00edrez, una de las figuras m\u00e1s emblem\u00e1ticas del f\u00fatbol guatemalteco y referente hist\u00f3rico de su rival directo, el CSD Municipal.<\/p>\n\n\n\n<p>Sin embargo, el joven delantero busca forjar su propio camino y escribir su historia con la camisola de Comunicaciones. A diferencia de su padre, quien se desempe\u00f1aba principalmente como mediocampista, Jos\u00e9 Guillermo se proyecta como una pieza de ataque con la mira puesta en consolidarse en el m\u00e1ximo circuito.<\/p>\n\n\n\n<figure class=\"wp-block-image size-full is-resized\"><img loading=\"lazy\" decoding=\"async\" width=\"700\" height=\"250\" src=\"https:\/\/antiguaesportiva.com\/revista\/wp-content\/uploads\/2025\/12\/fisiocas-web.png\" alt=\"\" class=\"wp-image-11081\" style=\"width:482px;height:auto\" srcset=\"https:\/\/antiguaesportiva.com\/revista\/wp-content\/uploads\/2025\/12\/fisiocas-web.png 700w, https:\/\/antiguaesportiva.com\/revista\/wp-content\/uploads\/2025\/12\/fisiocas-web-300x107.png 300w, https:\/\/antiguaesportiva.com\/revista\/wp-content\/uploads\/2025\/12\/fisiocas-web-554x198.png 554w\" sizes=\"auto, (max-width: 700px) 100vw, 700px\" \/><figcaption class=\"wp-element-caption\">Fisioterapia<\/figcaption><\/figure>\n\n\n\n<hr class=\"wp-block-separator has-alpha-channel-opacity\"\/>\n\n\n\n<h3 class=\"wp-block-heading\">Expectativas ante el debut<\/h3>\n\n\n\n<p>Con esta convocatoria, se abre la posibilidad de que Ram\u00edrez sume sus primeros minutos en la categor\u00eda absoluta. El cuerpo t\u00e9cnico ha enfatizado que su presencia busca fortalecer las opciones ofensivas del cuadro crema, aportando frescura y movilidad al esquema actual.<\/p>\n\n\n\n<p>La afici\u00f3n y la prensa especializada seguir\u00e1n de cerca el desempe\u00f1o de &#8220;Chepibe&#8221;, evaluando si este llamado es el inicio de una carrera s\u00f3lida en el club m\u00e1s laureado del pa\u00eds y c\u00f3mo manejar\u00e1 la presi\u00f3n medi\u00e1tica que conlleva su apellido en el contexto del balompi\u00e9 nacional.<\/p>\n","protected":false},"excerpt":{"rendered":"<p>El cuerpo t\u00e9cnico de Comunicaciones FC, encabezado por el estratega Marco Antonio Figueroa, ha sorprendido al entorno deportivo nacional al incluir en su reciente convocatoria a una de las promesas de la cantera blanca: Jos\u00e9 Guillermo Ram\u00edrez. El joven atacante, conocido en el \u00e1mbito juvenil como &#8220;Chepibe&#8221;, recibe su primer llamado formal para trabajar con [&hellip;]<\/p>\n","protected":false},"author":9,"featured_media":13017,"comment_status":"closed","ping_status":"closed","sticky":false,"template":"","format":"standard","meta":{"footnotes":""},"categories":[31],"tags":[47,1180,1732,56,55,1361],"class_list":["post-13016","post","type-post","status-publish","format-standard","has-post-thumbnail","hentry","category-liga-nacional","tag-antigua-esportiva","tag-comunicaciones-2","tag-guillermo-ramirez","tag-liga-nacional","tag-liga-nacional-de-futbol-de-guatemala","tag-torneo-clausura-2026"],"_links":{"self":[{"href":"https:\/\/antiguaesportiva.com\/revista\/wp-json\/wp\/v2\/posts\/13016","targetHints":{"allow":["GET"]}}],"collection":[{"href":"https:\/\/antiguaesportiva.com\/revista\/wp-json\/wp\/v2\/posts"}],"about":[{"href":"https:\/\/antiguaesportiva.com\/revista\/wp-json\/wp\/v2\/types\/post"}],"author":[{"embeddable":true,"href":"https:\/\/antiguaesportiva.com\/revista\/wp-json\/wp\/v2\/users\/9"}],"replies":[{"embeddable":true,"href":"https:\/\/antiguaesportiva.com\/revista\/wp-json\/wp\/v2\/comments?post=13016"}],"version-history":[{"count":1,"href":"https:\/\/antiguaesportiva.com\/revista\/wp-json\/wp\/v2\/posts\/13016\/revisions"}],"predecessor-version":[{"id":13018,"href":"https:\/\/antiguaesportiva.com\/revista\/wp-json\/wp\/v2\/posts\/13016\/revisions\/13018"}],"wp:featuredmedia":[{"embeddable":true,"href":"https:\/\/antiguaesportiva.com\/revista\/wp-json\/wp\/v2\/media\/13017"}],"wp:attachment":[{"href":"https:\/\/antiguaesportiva.com\/revista\/wp-json\/wp\/v2\/media?parent=13016"}],"wp:term":[{"taxonomy":"category","embeddable":true,"href":"https:\/\/antiguaesportiva.com\/revista\/wp-json\/wp\/v2\/categories?post=13016"},{"taxonomy":"post_tag","embeddable":true,"href":"https:\/\/antiguaesportiva.com\/revista\/wp-json\/wp\/v2\/tags?post=13016"}],"curies":[{"name":"wp","href":"https:\/\/api.w.org\/{rel}","templated":true}]}}