{"id":13008,"date":"2026-04-25T12:43:04","date_gmt":"2026-04-25T18:43:04","guid":{"rendered":"https:\/\/antiguaesportiva.com\/revista\/?p=13008"},"modified":"2026-04-25T12:43:05","modified_gmt":"2026-04-25T18:43:05","slug":"chumil-en-el-top-10-de-la-vuelta-a-asturias","status":"publish","type":"post","link":"https:\/\/antiguaesportiva.com\/revista\/2026\/04\/25\/chumil-en-el-top-10-de-la-vuelta-a-asturias\/","title":{"rendered":"Chumil, en el Top-10 de la Vuelta a Asturias"},"content":{"rendered":"\n<p class=\"has-black-color has-text-color has-link-color wp-elements-3e715032b6127d0422c556d1702f4818\">El guatemalteco Sergio Chumil se mantiene dentro de los diez primeros puestos de la clasificaci\u00f3n general en la Vuelta a Asturias, tras completarse una exigente tercera etapa de alta monta\u00f1a.<\/p>\n\n\n\n<p class=\"has-black-color has-text-color has-link-color wp-elements-ed4a1bdd0fdeec092e71761881096918\">Chumil contin\u00faa mostrando un rendimiento s\u00f3lido a lo largo de la competencia. En la jornada disputada entre Figueras y Vegadeo, el corredor respondi\u00f3 con solvencia ante un recorrido selectivo, caracterizado por su dificultad, manteni\u00e9ndose al nivel de los principales aspirantes antes de la etapa decisiva.<\/p>\n\n\n\n<p class=\"has-black-color has-text-color has-link-color wp-elements-762b329a2a45af0d9fbdf3dc974fb048\">La fracci\u00f3n fue ganada por el mexicano Edgar Cadena, quien logr\u00f3 imponerse tras una escapada en solitario iniciada a 22 kil\u00f3metros de la meta, con un tiempo de 4h 08&#8242; 34&#8221;. Por su parte, Chumil finaliz\u00f3 en la decimocuarta posici\u00f3n, a 26&#8221; segundos del vencedor, integrando el grupo principal junto a varios de los favoritos de la clasificaci\u00f3n general.<\/p>\n\n\n\n<p class=\"has-black-color has-text-color has-link-color wp-elements-b880653d8e7671dae2d33c9711ab8a0c\">En la tabla acumulada, el liderato contin\u00faa en manos del colombiano Nairo Quintana, con un registro total de 10h 50&#8242; 30&#8221;, conservando una ventaja considerable sobre sus inmediatos perseguidores. Chumil ocupa la novena posici\u00f3n, a 4&#8242; minutos y 1&#8221; segundo del primer lugar, consolid\u00e1ndose dentro del grupo de los diez mejores a falta de una jornada.<\/p>\n\n\n\n<p class=\"has-black-color has-text-color has-link-color wp-elements-6be3cc6e3e2e6fbc6fd1ba9b0bb542e2\">La competencia concluir\u00e1 este domingo, en una etapa final que definir\u00e1 las posiciones definitivas. Para el ciclista guatemalteco, el objetivo ser\u00e1 sostener su ubicaci\u00f3n en el top 10, un resultado que reflejar\u00eda su progresi\u00f3n y consistencia en el \u00e1mbito del ciclismo profesional internacional.<\/p>\n","protected":false},"excerpt":{"rendered":"<p>El guatemalteco Sergio Chumil se mantiene dentro de los diez primeros puestos de la clasificaci\u00f3n general en la Vuelta a Asturias, tras completarse una exigente tercera etapa de alta monta\u00f1a. Chumil contin\u00faa mostrando un rendimiento s\u00f3lido a lo largo de la competencia. En la jornada disputada entre Figueras y Vegadeo, el corredor respondi\u00f3 con solvencia [&hellip;]<\/p>\n","protected":false},"author":5,"featured_media":13009,"comment_status":"closed","ping_status":"closed","sticky":false,"template":"","format":"standard","meta":{"footnotes":""},"categories":[38],"tags":[47,461,715,48,49,180,1731,1730],"class_list":["post-13008","post","type-post","status-publish","format-standard","has-post-thumbnail","hentry","category-ciclismo","tag-antigua-esportiva","tag-chumil","tag-ciclismo","tag-kenny-rodas","tag-kenny-sports","tag-sergio-chumil","tag-vuelta-a-asturias","tag-vuelta-a-asturias-2026"],"_links":{"self":[{"href":"https:\/\/antiguaesportiva.com\/revista\/wp-json\/wp\/v2\/posts\/13008","targetHints":{"allow":["GET"]}}],"collection":[{"href":"https:\/\/antiguaesportiva.com\/revista\/wp-json\/wp\/v2\/posts"}],"about":[{"href":"https:\/\/antiguaesportiva.com\/revista\/wp-json\/wp\/v2\/types\/post"}],"author":[{"embeddable":true,"href":"https:\/\/antiguaesportiva.com\/revista\/wp-json\/wp\/v2\/users\/5"}],"replies":[{"embeddable":true,"href":"https:\/\/antiguaesportiva.com\/revista\/wp-json\/wp\/v2\/comments?post=13008"}],"version-history":[{"count":1,"href":"https:\/\/antiguaesportiva.com\/revista\/wp-json\/wp\/v2\/posts\/13008\/revisions"}],"predecessor-version":[{"id":13010,"href":"https:\/\/antiguaesportiva.com\/revista\/wp-json\/wp\/v2\/posts\/13008\/revisions\/13010"}],"wp:featuredmedia":[{"embeddable":true,"href":"https:\/\/antiguaesportiva.com\/revista\/wp-json\/wp\/v2\/media\/13009"}],"wp:attachment":[{"href":"https:\/\/antiguaesportiva.com\/revista\/wp-json\/wp\/v2\/media?parent=13008"}],"wp:term":[{"taxonomy":"category","embeddable":true,"href":"https:\/\/antiguaesportiva.com\/revista\/wp-json\/wp\/v2\/categories?post=13008"},{"taxonomy":"post_tag","embeddable":true,"href":"https:\/\/antiguaesportiva.com\/revista\/wp-json\/wp\/v2\/tags?post=13008"}],"curies":[{"name":"wp","href":"https:\/\/api.w.org\/{rel}","templated":true}]}}