{"id":13005,"date":"2026-04-25T12:33:51","date_gmt":"2026-04-25T18:33:51","guid":{"rendered":"https:\/\/antiguaesportiva.com\/revista\/?p=13005"},"modified":"2026-04-25T12:33:51","modified_gmt":"2026-04-25T18:33:51","slug":"fernandez-baja-nuevamente-en-la-convocatoria-de-mauricio-tapia","status":"publish","type":"post","link":"https:\/\/antiguaesportiva.com\/revista\/2026\/04\/25\/fernandez-baja-nuevamente-en-la-convocatoria-de-mauricio-tapia\/","title":{"rendered":"Fern\u00e1ndez, baja nuevamente en la convocatoria de Mauricio Tapia"},"content":{"rendered":"\n<p class=\"has-black-color has-text-color has-link-color wp-elements-13909e110b8c0c3fd53859dcb5abc4ee\">Diego Fern\u00e1ndez no ha sido incluido en la lista de Antigua GFC para su visita a CD Achuapa. \u00bfYa se ha recuperado totalmente? <\/p>\n\n\n\n<p class=\"has-black-color has-text-color has-link-color wp-elements-10261b0fd060fe908f00774f893159e1\">Bueno, ac\u00e1 vamos. Tal y como inform\u00f3 d\u00edas atr\u00e1s Antigua Esportiva, el extremo derecho guatemalteco, Diego Fern\u00e1ndez, estuvo ausente de las convocatorias de Antigua GFC, debido a una lesi\u00f3n en el posterior, situaci\u00f3n que lo dej\u00f3 fuera de algunos encuentros de esta Fase Regular del Torneo Clausura 2026 de Liga Nacional. <\/p>\n\n\n\n<p class=\"has-black-color has-text-color has-link-color wp-elements-308da7a8256377f1c3a79a52ee8e7033\">Sin embargo, Fern\u00e1ndez se recuper\u00f3 con \u00e9xito desde la semana pasada, y su no convocatoria ante CD Malacateco fue por mera prevenci\u00f3n. <\/p>\n\n\n\n<h2 class=\"wp-block-heading\">Entonces&#8230; \u00bfRecay\u00f3? <\/h2>\n\n\n\n<p class=\"has-black-color has-text-color has-link-color wp-elements-909de49596187a3f0d1677cbfc05b324\">No. Se tem\u00eda que la situaci\u00f3n de que tampoco haya sido tomado en cuenta dentro de la convocatoria de los &#8216;Coloniales&#8217; para enfrentar a CD Achuapa, se debiera a una reca\u00edda respecto a su lesi\u00f3n anterior. Sin embargo, todas esas especulaciones, Antigua Esportiva las disipa. <\/p>\n\n\n\n<p class=\"has-black-color has-text-color has-link-color wp-elements-5ca2a790f53faefbfd127785ba8bd174\">Que Diego Fern\u00e1ndez no sea convocado con Antigua GFC de nueva cuenta, responde a una decisi\u00f3n t\u00e9cnica en su totalidad. Y es que Mauricio Tapia, el estratega de los &#8216;Verde y Blanco&#8217;, ya prioriza sin lugar a dudas, el tener a una de sus cartas de mejor valoraci\u00f3n de cara los exigentes Cuartos de Final. <\/p>\n\n\n\n<p class=\"has-black-color has-text-color has-link-color wp-elements-8b4b95dfaa95b543002200018f4b1528\">En este sentido, el lugar de Fern\u00e1ndez en esta convocatoria para enfrentar a los &#8216;Cebolleros&#8217;, lo ha tomado nuevamente Jostin Colindres, que en su debut en el Pensativo ante los &#8216;Toros&#8217;, dej\u00f3 grandes sensaciones a los seguidores &#8216;Aguacateros&#8217;. <\/p>\n\n\n\n<p class=\"has-black-color has-text-color has-link-color wp-elements-673cef693710ed1bdbc061c518f3d175\">Antigua GFC en este momento, ya realiza el viaje a Jutiapa, donde enfrentar\u00e1 a Achuapa por la Fecha de cierre del Clausura 2026. <\/p>\n","protected":false},"excerpt":{"rendered":"<p>Diego Fern\u00e1ndez no ha sido incluido en la lista de Antigua GFC para su visita a CD Achuapa. \u00bfYa se ha recuperado totalmente? Bueno, ac\u00e1 vamos. Tal y como inform\u00f3 d\u00edas atr\u00e1s Antigua Esportiva, el extremo derecho guatemalteco, Diego Fern\u00e1ndez, estuvo ausente de las convocatorias de Antigua GFC, debido a una lesi\u00f3n en el posterior, [&hellip;]<\/p>\n","protected":false},"author":5,"featured_media":13006,"comment_status":"closed","ping_status":"closed","sticky":false,"template":"","format":"standard","meta":{"footnotes":""},"categories":[29,31],"tags":[47,45,228,1322,1649,48,49,56,55,1361],"class_list":["post-13005","post","type-post","status-publish","format-standard","has-post-thumbnail","hentry","category-antigua-gfc","category-liga-nacional","tag-antigua-esportiva","tag-antigua-gfc","tag-cd-achuapa","tag-clausura-2026","tag-diego-fernandez-2","tag-kenny-rodas","tag-kenny-sports","tag-liga-nacional","tag-liga-nacional-de-futbol-de-guatemala","tag-torneo-clausura-2026"],"_links":{"self":[{"href":"https:\/\/antiguaesportiva.com\/revista\/wp-json\/wp\/v2\/posts\/13005","targetHints":{"allow":["GET"]}}],"collection":[{"href":"https:\/\/antiguaesportiva.com\/revista\/wp-json\/wp\/v2\/posts"}],"about":[{"href":"https:\/\/antiguaesportiva.com\/revista\/wp-json\/wp\/v2\/types\/post"}],"author":[{"embeddable":true,"href":"https:\/\/antiguaesportiva.com\/revista\/wp-json\/wp\/v2\/users\/5"}],"replies":[{"embeddable":true,"href":"https:\/\/antiguaesportiva.com\/revista\/wp-json\/wp\/v2\/comments?post=13005"}],"version-history":[{"count":1,"href":"https:\/\/antiguaesportiva.com\/revista\/wp-json\/wp\/v2\/posts\/13005\/revisions"}],"predecessor-version":[{"id":13007,"href":"https:\/\/antiguaesportiva.com\/revista\/wp-json\/wp\/v2\/posts\/13005\/revisions\/13007"}],"wp:featuredmedia":[{"embeddable":true,"href":"https:\/\/antiguaesportiva.com\/revista\/wp-json\/wp\/v2\/media\/13006"}],"wp:attachment":[{"href":"https:\/\/antiguaesportiva.com\/revista\/wp-json\/wp\/v2\/media?parent=13005"}],"wp:term":[{"taxonomy":"category","embeddable":true,"href":"https:\/\/antiguaesportiva.com\/revista\/wp-json\/wp\/v2\/categories?post=13005"},{"taxonomy":"post_tag","embeddable":true,"href":"https:\/\/antiguaesportiva.com\/revista\/wp-json\/wp\/v2\/tags?post=13005"}],"curies":[{"name":"wp","href":"https:\/\/api.w.org\/{rel}","templated":true}]}}